{"id":254852,"date":"2025-07-17T21:31:16","date_gmt":"2025-07-17T21:31:16","guid":{"rendered":"https:\/\/www.europesays.com\/fr\/254852\/"},"modified":"2025-07-17T21:31:16","modified_gmt":"2025-07-17T21:31:16","slug":"important-feu-de-foret-a-martigues-pres-de-marseille-deux-hameaux-confines","status":"publish","type":"post","link":"https:\/\/www.europesays.com\/fr\/254852\/","title":{"rendered":"\u00ab\u00a0Important feu de for\u00eat\u00a0\u00bb \u00e0 Martigues, pr\u00e8s de Marseille: deux hameaux confin\u00e9s"},"content":{"rendered":"<p class=\"ap-StoryElement ap-StoryElement--mb ap-StoryText\">Vers 21h30, le feu avait d\u00e9j\u00e0 parcouru 130 hectares, ont pr\u00e9cis\u00e9 les pompiers du d\u00e9partement, soulignant que plus de 450 personnels et plus de 180 engins ont \u00e9t\u00e9 d\u00e9ploy\u00e9s face aux flammes, ainsi que de \u00ab\u00a0nombreux moyens a\u00e9riens\u00a0\u00bb, des avions Canadair et Dash et des h\u00e9licopt\u00e8res bombardiers d&rsquo;eau.<\/p>\n<p class=\"ap-StoryElement ap-StoryElement--mb ap-StoryText\">Via un message FR-Alert sur les t\u00e9l\u00e9phones portables des habitants de la zone, \u00e0 une quarantaine de kilom\u00e8tres au nord-ouest de Marseille, la Pr\u00e9fecture a appel\u00e9 les habitants \u00e0 se confiner \u00ab\u00a0dans des b\u00e2timents en dur\u00a0\u00bb, avec \u00ab\u00a0volets et portes\u00a0\u00bb ferm\u00e9s, et ce notamment dans les hameaux de Saint-Julien et des Ventrons.<\/p>\n","protected":false},"excerpt":{"rendered":"Vers 21h30, le feu avait d\u00e9j\u00e0 parcouru 130 hectares, ont pr\u00e9cis\u00e9 les pompiers du d\u00e9partement, soulignant que plus&hellip;\n","protected":false},"author":2,"featured_media":254853,"comment_status":"","ping_status":"","sticky":false,"template":"","format":"standard","meta":{"footnotes":""},"categories":[2814],"tags":[1111,11,1777,674,1011,27,1310,884,12,882,25],"class_list":{"0":"post-254852","1":"post","2":"type-post","3":"status-publish","4":"format-standard","5":"has-post-thumbnail","7":"category-marseille","8":"tag-actu","9":"tag-actualites","10":"tag-eu","11":"tag-europe","12":"tag-fr","13":"tag-france","14":"tag-incendie","15":"tag-marseille","16":"tag-news","17":"tag-provence-alpes-cote-dazur","18":"tag-republique-francaise"},"share_on_mastodon":{"url":"https:\/\/pubeurope.com\/@fr\/114870713317501927","error":""},"_links":{"self":[{"href":"https:\/\/www.europesays.com\/fr\/wp-json\/wp\/v2\/posts\/254852","targetHints":{"allow":["GET"]}}],"collection":[{"href":"https:\/\/www.europesays.com\/fr\/wp-json\/wp\/v2\/posts"}],"about":[{"href":"https:\/\/www.europesays.com\/fr\/wp-json\/wp\/v2\/types\/post"}],"author":[{"embeddable":true,"href":"https:\/\/www.europesays.com\/fr\/wp-json\/wp\/v2\/users\/2"}],"replies":[{"embeddable":true,"href":"https:\/\/www.europesays.com\/fr\/wp-json\/wp\/v2\/comments?post=254852"}],"version-history":[{"count":0,"href":"https:\/\/www.europesays.com\/fr\/wp-json\/wp\/v2\/posts\/254852\/revisions"}],"wp:featuredmedia":[{"embeddable":true,"href":"https:\/\/www.europesays.com\/fr\/wp-json\/wp\/v2\/media\/254853"}],"wp:attachment":[{"href":"https:\/\/www.europesays.com\/fr\/wp-json\/wp\/v2\/media?parent=254852"}],"wp:term":[{"taxonomy":"category","embeddable":true,"href":"https:\/\/www.europesays.com\/fr\/wp-json\/wp\/v2\/categories?post=254852"},{"taxonomy":"post_tag","embeddable":true,"href":"https:\/\/www.europesays.com\/fr\/wp-json\/wp\/v2\/tags?post=254852"}],"curies":[{"name":"wp","href":"https:\/\/api.w.org\/{rel}","templated":true}]}}