{"id":254864,"date":"2025-07-17T21:38:15","date_gmt":"2025-07-17T21:38:15","guid":{"rendered":"https:\/\/www.europesays.com\/fr\/254864\/"},"modified":"2025-07-17T21:38:15","modified_gmt":"2025-07-17T21:38:15","slug":"augmentation-de-la-delinquance-des-mineurs-saint-ouen-instaure-un-couvre-feu-pour-les-moins-de-16-ans","status":"publish","type":"post","link":"https:\/\/www.europesays.com\/fr\/254864\/","title":{"rendered":"Augmentation de la d\u00e9linquance des mineurs\u00a0: Saint-Ouen instaure un couvre-feu pour les moins de 16\u00a0ans"},"content":{"rendered":"<p class=\"paragraph text_align_left lp-f-body-02\">Lors de ses prises de parole, Karim Bouamrane (PS) r\u00e9sume souvent <a href=\"https:\/\/www.leparisien.fr\/seine-saint-denis-93\/lecole-ne-sera-pas-abandonnee-au-profit-des-dealers-le-maire-de-saint-ouen-sengage-01-04-2025-Z3AGK63E5NDTXK7UAGSZERASDI.php\" target=\"_self\" rel=\"nofollow noopener\">\u00ab la m\u00e9thode Saint-Ouen \u00bb<\/a> par un acronyme, \u00ab S.A.F.E \u00bb. La ville qu\u2019il dirige depuis 2020 sera \u00ab s\u00fbre, apais\u00e9e, fraternelle et \u00e9cologique \u00bb, aime-t-il \u00e0 r\u00e9p\u00e9ter. Pour tenir les deux premi\u00e8res parties de cette promesse, l\u2019\u00e9lu socialiste vient de frapper fort. Un arr\u00eat\u00e9 municipal entr\u00e9 en vigueur le 16 juillet interdit aux mineurs de moins de 16 ans de circuler sur l\u2019espace public entre 23h30 et 6 heures s\u2019ils ne sont pas accompagn\u00e9s d\u2019un adulte.<\/p>\n<p class=\"paragraph text_align_left lp-f-body-02\">Le document motive cette mesure par \u00ab l\u2019augmentation de la d\u00e9linquance des mineurs sur le territoire de Saint-Ouen-sur-Seine de 8 % entre 2024 et 2025 \u00bb, par \u00ab la mobilit\u00e9 des groupes d\u00e9linquants d\u2019un quartier \u00e0 l\u2019autre \u00bb et par le fait que ville \u00ab pr\u00e9sente un taux de d\u00e9lits violents de 19 pour 1 000 habitants contre 6 pour 1 000 habitants au niveau national en 2024 \u00bb. L\u2019interdiction court jusqu\u2019au 31 octobre 2025.<\/p>\n<p class=\"paragraph text_align_left lp-f-body-02\">Des initiatives similaires existent d\u00e9j\u00e0 en France, mais elles concernent pour la plupart des communes dirig\u00e9es par des maires de droite comme <a href=\"https:\/\/www.leparisien.fr\/faits-divers\/on-sent-que-les-parents-font-attention-a-compiegne-des-couvre-feux-pour-mineurs-devenus-une-habitude-24-04-2024-PRRXCLB5ANFT7OYS3TTLUUHMY4.php\" target=\"_self\" rel=\"nofollow noopener\">Compi\u00e8gne (Oise)<\/a>, B\u00e9ziers (H\u00e9rault) ou Nice (Alpes-Maritimes). \u00c0 Triel-sur-Seine (Yvelines), le premier magistrat vient d\u2019<a href=\"https:\/\/www.leparisien.fr\/yvelines-78\/un-mot-de-papa-maman-serieux-dans-les-yvelines-un-maire-reclame-une-attestation-aux-jeunes-sortant-le-soir-14-07-2025-AS6SWECMIVARBEOUQWIZ5VANQ4.php\" target=\"_self\" rel=\"nofollow noopener\">assortir son couvre-feu d\u2019une autorisation parentale<\/a>. \u00c0 Saint-Ouen, Karim Bouamrane veut \u00ab r\u00e9instaurer le civisme, une valeur de gauche \u00bb.<\/p>\n<p class=\"paragraph text_align_left lp-f-body-02\">Il justifie sa mesure en citant\u2026 \u00ab Do the Right Thing \u00bb, le film de Spike Lee qui retrace une r\u00e9volte urbaine \u00e0 New York en plein \u00e9t\u00e9. \u00ab C\u2019est souvent durant cette p\u00e9riode de l\u2019ann\u00e9e que s\u2019exacerbent les tensions \u00e0 cause de la chaleur, de l\u2019ennui de ne pas partir en vacances, analyse-t-il. On marche sur deux jambes. La premi\u00e8re, c\u2019est de proposer un maximum d\u2019activit\u00e9s estivales. La deuxi\u00e8me, c\u2019est de s\u2019assurer que \u00e7a se passe dans de bonnes conditions. \u00bb<\/p>\n<p>\u00ab Quand vous avez moins de 16 ans, apr\u00e8s 23h30, c\u2019est maison ! \u00bb<\/p>\n<p class=\"paragraph text_align_left lp-f-body-02\">Le maire de Saint-Ouen r\u00e9fute toute \u00ab logique coercitive \u00bb. \u00ab Le r\u00f4le de la puissance publique n\u2019est pas de stigmatiser les adolescents ni d\u2019\u00eatre dans l\u2019ang\u00e9lisme mais de donner un cadre, dit-il. Quand vous avez moins de 16 ans, apr\u00e8s 23h30, c\u2019est maison ! On voit les tensions qui peuvent exister dans cette tranche d\u2019\u00e2ge partout en France, dans les Yvelines comme dans la Creuse. \u00bb Selon son cabinet, un tel arr\u00eat\u00e9 constituerait \u00ab une premi\u00e8re en Seine-Saint-Denis pour une ville de cette taille \u00bb.<\/p>\n<p class=\"paragraph text_align_left lp-f-body-02\">En cas d\u2019infraction \u00e0 cet arr\u00eat\u00e9, \u00ab tout mineur pourra \u00eatre reconduit \u00e0 son domicile ou au commissariat par la police nationale ou la police municipale \u00bb. \u00ab Les parents des enfants concern\u00e9s pourront \u00eatre punis de l\u2019amende pr\u00e9vue pour les contraventions de la 2e classe (NDLR : amende forfaitaire de 35 euros) et faire l\u2019objet de poursuites p\u00e9nales (\u2026) \u00bb, poursuit le document.<\/p>\n<p class=\"paragraph text_align_left lp-f-body-02\">\u00ab La police municipale sera dans une logique de pr\u00e9vention, de m\u00e9diation, ajoute-t-on au cabinet de Karim Bouamrane. Et si elle constate que \u00e7a se r\u00e9p\u00e8te, alors elle dressera des amendes. \u00bb<\/p>\n<p class=\"paragraph text_align_left lp-f-body-02\">\u00c0 Saint-Ouen, la mesure s\u2019inscrit dans un plan \u00ab \u00c9t\u00e9 S\u00e9curit\u00e9 et Civisme \u00bb dont l\u2019objectif affich\u00e9 est de \u00ab prot\u00e9ger les jeunes et pr\u00e9venir les troubles \u00e0 l\u2019ordre public \u00bb. Concomitamment, Karim Bouamrane a pris deux autres arr\u00eat\u00e9s pour interdire la circulation des trottinettes \u00e9lectriques sur les trottoirs de l\u2019ensemble de la ville et l\u2019utilisation de \u00ab dispositifs de cuisson \u00e0 feu ouvert \u00bb (barbecues, planchas\u2026) sur l\u2019ensemble du domaine public, \u00e0 l\u2019exception de trois secteurs.<\/p>\n","protected":false},"excerpt":{"rendered":"Lors de ses prises de parole, Karim Bouamrane (PS) r\u00e9sume souvent \u00ab la m\u00e9thode Saint-Ouen \u00bb par un&hellip;\n","protected":false},"author":2,"featured_media":254865,"comment_status":"","ping_status":"","sticky":false,"template":"","format":"standard","meta":{"footnotes":""},"categories":[1888],"tags":[11,1777,674,1011,27,1944,12,626,25,1945],"class_list":{"0":"post-254864","1":"post","2":"type-post","3":"status-publish","4":"format-standard","5":"has-post-thumbnail","7":"category-paris","8":"tag-actualites","9":"tag-eu","10":"tag-europe","11":"tag-fr","12":"tag-france","13":"tag-ma-ville","14":"tag-news","15":"tag-paris","16":"tag-republique-francaise","17":"tag-seine-saint-denis"},"share_on_mastodon":{"url":"https:\/\/pubeurope.com\/@fr\/114870740796264227","error":""},"_links":{"self":[{"href":"https:\/\/www.europesays.com\/fr\/wp-json\/wp\/v2\/posts\/254864","targetHints":{"allow":["GET"]}}],"collection":[{"href":"https:\/\/www.europesays.com\/fr\/wp-json\/wp\/v2\/posts"}],"about":[{"href":"https:\/\/www.europesays.com\/fr\/wp-json\/wp\/v2\/types\/post"}],"author":[{"embeddable":true,"href":"https:\/\/www.europesays.com\/fr\/wp-json\/wp\/v2\/users\/2"}],"replies":[{"embeddable":true,"href":"https:\/\/www.europesays.com\/fr\/wp-json\/wp\/v2\/comments?post=254864"}],"version-history":[{"count":0,"href":"https:\/\/www.europesays.com\/fr\/wp-json\/wp\/v2\/posts\/254864\/revisions"}],"wp:featuredmedia":[{"embeddable":true,"href":"https:\/\/www.europesays.com\/fr\/wp-json\/wp\/v2\/media\/254865"}],"wp:attachment":[{"href":"https:\/\/www.europesays.com\/fr\/wp-json\/wp\/v2\/media?parent=254864"}],"wp:term":[{"taxonomy":"category","embeddable":true,"href":"https:\/\/www.europesays.com\/fr\/wp-json\/wp\/v2\/categories?post=254864"},{"taxonomy":"post_tag","embeddable":true,"href":"https:\/\/www.europesays.com\/fr\/wp-json\/wp\/v2\/tags?post=254864"}],"curies":[{"name":"wp","href":"https:\/\/api.w.org\/{rel}","templated":true}]}}