{"id":254866,"date":"2025-07-17T21:39:10","date_gmt":"2025-07-17T21:39:10","guid":{"rendered":"https:\/\/www.europesays.com\/fr\/254866\/"},"modified":"2025-07-17T21:39:10","modified_gmt":"2025-07-17T21:39:10","slug":"thierry-mariani-candidat-du-rn-face-a-rachida-dati-et-michel-barnier","status":"publish","type":"post","link":"https:\/\/www.europesays.com\/fr\/254866\/","title":{"rendered":"Thierry Mariani, candidat du RN face \u00e0 Rachida Dati et Michel Barnier"},"content":{"rendered":"<p>D\u00e9j\u00e0 investi par le Rassemblement national pour \u00eatre la t\u00eate de liste aux \u00e9lections municipales \u00e0 Paris, Thierry Mariani a d\u00e9cid\u00e9 de se porter candidat lors de ce scrutin qui doit avoir lieu \u00e0 la rentr\u00e9e.<\/p>\n<p class=\"fig-paragraph\">La l\u00e9gislative partielle dans la 2e circonscription de Paris va ressembler de plus en plus \u00e0&#8230; un pr\u00e9lude aux \u00e9lections municipales de 2026 dans la capitale. D\u00e9j\u00e0 investi par le Rassemblement national (RN) pour \u00eatre la t\u00eate de liste en mars prochain,\u00a0<a href=\"http:\/\/www.lefigaro.fr\/politique\/municipales-2026-thierry-mariani-et-le-rn-veulent-l-union-des-droites-a-paris-20240730\" data-fig-type=\"NewsFlash\" data-gtm-custom-categorie=\"navigation\" data-gtm-custom-action=\"crossclick\" data-gtm-custom-label=\"Contextuel\" data-gtm-event=\"customEventSPE\" data-fig-domain=\"LEFIGARO\" target=\"_blank\" rel=\"noopener\">Thierry Mariani<\/a>\u00a0a d\u00e9cid\u00e9 de se porter candidat lors de ce scrutin qui doit avoir lieu \u00e0 la rentr\u00e9e.<\/p>\n<p class=\"fig-paragraph\">L\u2019ancien ministre de Nicolas Sarkozy, qui a ralli\u00e9 le RN en 2019 lors des \u00e9lections europ\u00e9ennes, l\u2019a annonc\u00e9 \u00e0 Marine Le Pen et Jordan Bardella, pr\u00e9sident du parti nationaliste. Il en a inform\u00e9 aussi la commission nationale d\u2019investiture du mouvement \u00e0 la flamme. Son investiture ne sera qu\u2019une formalit\u00e9. Il prend le relais de Melody de Witte, candidate RN aux l\u00e9gislatives de juin 2024, qui avait r\u00e9colt\u00e9 11% des voix.<\/p>\n<p>                                    <a class=\"fig-a11y-skip a11y-hidden\" href=\"#fig-a11y-skip-main-inarticle\"><br \/>\n        Passer la publicit\u00e9<br \/>\n    <\/a><\/p>\n<p class=\"fig-paragraph\">Et dans ce bout de Paris domin\u00e9 par la Tour Eiffel, les candidatures se bousculent. \u00c0 droite, l\u2019ancien premier ministre Les R\u00e9publicains (LR) Michel Barnier a tir\u00e9 le premier mardi dernier en annon\u00e7ant sa candidature par surprise, tr\u00e8s vite appuy\u00e9e par Bruno Retailleau, pr\u00e9sident de LR.\u00a0<a href=\"http:\/\/www.lefigaro.fr\/politique\/ce-n-est-pas-le-genre-a-avoir-peur-a-paris-les-ambitions-de-barnier-et-dati-se-percutent-en-vue-de-la-legislative-partielle-20250716\" data-fig-type=\"NewsFlash\" data-gtm-custom-categorie=\"navigation\" data-gtm-custom-action=\"crossclick\" data-gtm-custom-label=\"Contextuel\" data-gtm-event=\"customEventSPE\" data-fig-domain=\"LEFIGARO\" target=\"_blank\" rel=\"noopener\">Un coup qui a particuli\u00e8rement agac\u00e9 Rachida Dati<\/a>, ministre de la Culture du gouvernement de Fran\u00e7ois Bayrou, maire LR du 7e arrondissement de Paris, et candidate putative \u00e0 la mairie de Paris. Une commission d\u2019investiture devra d\u00e9partager les deux candidatures LR le 28 juillet prochain.<\/p>\n<p class=\"fig-paragraph\">C\u2019est oublier Renaissance et son patron Gabriel Attal, qui aimerait que cette circonscription reste dans l\u2019escarcelle du parti pr\u00e9sidentiel. Le pr\u00e9c\u00e9dent d\u00e9put\u00e9 Renaissance Jean Laussucq, proche de Rachida Dati, a \u00e9t\u00e9 d\u00e9clar\u00e9 in\u00e9ligible par le conseil Constitutionnel, et son \u00e9lection annul\u00e9e. C\u2019est donc Clara Chappaz, ministre d\u00e9l\u00e9gu\u00e9e charg\u00e9e de l\u2019Intelligence artificielle et du Num\u00e9rique, qui pourrait porter les couleurs de Renaissance dans une \u00e9lection o\u00f9\u00a0<a href=\"http:\/\/www.lefigaro.fr\/politique\/guillaume-tabard-la-droite-au-risque-du-scenario-catastrophe-20250717\" data-fig-type=\"Article\" data-gtm-custom-categorie=\"navigation\" data-gtm-custom-action=\"crossclick\" data-gtm-custom-label=\"Contextuel\" data-gtm-event=\"customEventSPE\" data-fig-domain=\"LEFIGARO\" target=\"_blank\" rel=\"noopener\">la coalition gouvernement pourrait se diviser<\/a>.<\/p>\n<p class=\"fig-paragraph\">Une situation qui pla\u00eet beaucoup \u00e0 Thierry Mariani, d\u00e9put\u00e9 europ\u00e9en RN, ancien candidat aux r\u00e9gionales en Provence-Alpes-C\u00f4te-d\u2019Azur en 2021. \u00abJ\u2019habite Paris depuis 1978\u00a0! Et en plus dans cette circonscription aujourd\u2019hui\u00a0!\u00bb, aime pr\u00e9ciser celui que Jordan Bardella a missionn\u00e9 pour reprendre en main la f\u00e9d\u00e9ration parisienne du RN, et pr\u00e9parer les municipales. L\u2019ancien d\u00e9put\u00e9 UMP consid\u00e8re cette l\u00e9gislative partielle comme un tour de chauffe pour la mairie de Paris. \u00abFace \u00e0 un ancien premier ministre d\u2019Emmanuel Macron et deux ministres actuels d\u2019Emmanuel Macron, je serai le repr\u00e9sentant de la seule opposition dans cette \u00e9lection\u00bb, dit-il au Figaro.<\/p>\n","protected":false},"excerpt":{"rendered":"D\u00e9j\u00e0 investi par le Rassemblement national pour \u00eatre la t\u00eate de liste aux \u00e9lections municipales \u00e0 Paris, Thierry&hellip;\n","protected":false},"author":2,"featured_media":254867,"comment_status":"","ping_status":"","sticky":false,"template":"","format":"standard","meta":{"footnotes":""},"categories":[1888],"tags":[11,1777,674,1011,27,27636,12,626,417,25],"class_list":{"0":"post-254866","1":"post","2":"type-post","3":"status-publish","4":"format-standard","5":"has-post-thumbnail","7":"category-paris","8":"tag-actualites","9":"tag-eu","10":"tag-europe","11":"tag-fr","12":"tag-france","13":"tag-michel-barnier","14":"tag-news","15":"tag-paris","16":"tag-rachida-dati","17":"tag-republique-francaise"},"share_on_mastodon":{"url":"https:\/\/pubeurope.com\/@fr\/114870744704294934","error":""},"_links":{"self":[{"href":"https:\/\/www.europesays.com\/fr\/wp-json\/wp\/v2\/posts\/254866","targetHints":{"allow":["GET"]}}],"collection":[{"href":"https:\/\/www.europesays.com\/fr\/wp-json\/wp\/v2\/posts"}],"about":[{"href":"https:\/\/www.europesays.com\/fr\/wp-json\/wp\/v2\/types\/post"}],"author":[{"embeddable":true,"href":"https:\/\/www.europesays.com\/fr\/wp-json\/wp\/v2\/users\/2"}],"replies":[{"embeddable":true,"href":"https:\/\/www.europesays.com\/fr\/wp-json\/wp\/v2\/comments?post=254866"}],"version-history":[{"count":0,"href":"https:\/\/www.europesays.com\/fr\/wp-json\/wp\/v2\/posts\/254866\/revisions"}],"wp:featuredmedia":[{"embeddable":true,"href":"https:\/\/www.europesays.com\/fr\/wp-json\/wp\/v2\/media\/254867"}],"wp:attachment":[{"href":"https:\/\/www.europesays.com\/fr\/wp-json\/wp\/v2\/media?parent=254866"}],"wp:term":[{"taxonomy":"category","embeddable":true,"href":"https:\/\/www.europesays.com\/fr\/wp-json\/wp\/v2\/categories?post=254866"},{"taxonomy":"post_tag","embeddable":true,"href":"https:\/\/www.europesays.com\/fr\/wp-json\/wp\/v2\/tags?post=254866"}],"curies":[{"name":"wp","href":"https:\/\/api.w.org\/{rel}","templated":true}]}}