{"id":254868,"date":"2025-07-17T21:40:14","date_gmt":"2025-07-17T21:40:14","guid":{"rendered":"https:\/\/www.europesays.com\/fr\/254868\/"},"modified":"2025-07-17T21:40:14","modified_gmt":"2025-07-17T21:40:14","slug":"lemballage-des-pates-stefano-plagie-en-russie","status":"publish","type":"post","link":"https:\/\/www.europesays.com\/fr\/254868\/","title":{"rendered":"L\u2019emballage des p\u00e2tes Stefano plagi\u00e9 en Russie"},"content":{"rendered":"<p class=\"lead textModule textModule--type-lead \" style=\"\">L\u2019emballage des p\u00e2tes du c\u00e9l\u00e8bre cuisinier qu\u00e9b\u00e9cois Stefano Faita se retrouve maintenant en Russie, sous une marque locale.<\/p>\n<p>                    Publi\u00e9 \u00e0 12\u00a0h\u00a030<\/p>\n<p>    <a class=\"print\" href=\"https:\/\/www.lapresse.ca\/affaires\/entreprises\/2025-07-17\/javascript:window.print();\" title=\"Imprimer la page\" rel=\"nofollow noopener\" target=\"_blank\"><\/p>\n<p>        <img loading=\"lazy\" decoding=\"async\" width=\"16\" height=\"18\" src=\"https:\/\/www.europesays.com\/fr\/wp-content\/uploads\/2025\/04\/share-icon.png\" alt=\"Partager\"\/><\/p>\n<p class=\"paragraph textModule textModule--type-paragraph \" style=\"\">L\u2019\u00e9quipe des Aliments Forgione Faita qui cr\u00e9e les produits Stefano a fait tout un saut lorsqu\u2019on lui a envoy\u00e9 une photo d\u2019un emballage de p\u00e2tes russes qui est une copie de leur image.<\/p>\n<p class=\"paragraph textModule textModule--type-paragraph \" style=\"\">\u00ab\u00a0M\u00eame le logo de Stefano a \u00e9t\u00e9 reproduit\u00a0\u00bb, note Caroline Vincent, directrice du marketing et des communications du groupe.<\/p>\n<p class=\"paragraph textModule textModule--type-paragraph \" style=\"\">La d\u00e9nonciation est venue il y a quelques jours d\u2019un client de Toronto, o\u00f9 sont vendus les produits Stefano. Il avait vu qu\u2019un cr\u00e9ateur russe faisait la promotion de son design sur le site Behance, utilis\u00e9 par les cr\u00e9ateurs de partout dans le monde.<\/p>\n<p class=\"paragraph textModule textModule--type-paragraph \" style=\"\">Il a d\u00e9cid\u00e9 d\u2019\u00e9crire \u00e0 l\u2019adresse du service \u00e0 la client\u00e8le de l\u2019entreprise qu\u00e9b\u00e9coise\u00a0: \u00ab\u00a0Je crois que vous devriez savoir que votre image a \u00e9t\u00e9 vol\u00e9e.\u00a0\u00bb<\/p>\n<p class=\"paragraph textModule textModule--type-paragraph \" style=\"\">Le message a attir\u00e9 l\u2019attention d\u2019Isabelle Lemme, directrice du service \u00e0 la client\u00e8le.<\/p>\n<p class=\"paragraph textModule textModule--type-paragraph \" style=\"\">Le client de ce designer serait un producteur de p\u00e2tes \u00e9tabli en Russie, Avanti. Le plagiat ne se limite pas au design graphique, puisque les mots ont aussi \u00e9t\u00e9 traduits et adapt\u00e9s.<\/p>\n<p class=\"paragraph textModule textModule--type-paragraph \" style=\"\">C\u2019est la premi\u00e8re fois que l\u2019\u00e9quipe des produits Stefano fait face \u00e0 un plagiat aussi franc. Elle a parfois trouv\u00e9 que des produits d\u2019ici ou d\u2019ailleurs s\u2019\u00e9taient inspir\u00e9s de ses emballages, mais cette fois, la copie est ind\u00e9niable.<\/p>\n<p>                                        <img decoding=\"async\" src=\"https:\/\/www.europesays.com\/fr\/wp-content\/uploads\/2025\/07\/7fefbc98eea53f08b04d1c58b56ae3fb.jpg\" alt=\"\" class=\"photoModule__visual\" itemprop=\"contentUrl url\"\/><\/p>\n<p class=\"credit photoModule__caption photoModule__caption--credit\" style=\"\">\n                    IMAGE FOURNIE PAR LES ALIMENTS FORGIONE FAITA\n                <\/p>\n<p class=\"paragraph textModule textModule--type-paragraph \" style=\"\">On dit souvent que le plagiat est de la flatterie. Chez Stefano on mentionne toutefois que l\u2019image des produits Stefano a demand\u00e9 r\u00e9flexions, efforts et discussions afin d\u2019en venir avec cette id\u00e9e de proposer il y a huit ans des emballages d\u2019une seule couleur, vive. L\u2019id\u00e9e est de se distinguer sur les tablettes pour le consommateur.<\/p>\n<p class=\"paragraph textModule textModule--type-paragraph \" style=\"\">Le produit s\u2019est de toute \u00e9vidence aussi distingu\u00e9 parmi d\u2019autres pour avoir \u00e9t\u00e9 choisi pour \u00eatre copi\u00e9.<\/p>\n<p class=\"paragraph textModule textModule--type-paragraph \" style=\"\">C\u2019est l\u2019Agence LG2 qui est derri\u00e8re les emballages plagi\u00e9s. \u00ab\u00a0On a travaill\u00e9 fort l\u00e0-dessus\u00a0\u00bb, pr\u00e9cise Isabelle Lemme. \u00ab\u00a0Lui, \u00e7a lui a pris deux secondes faire \u00e7a\u2026\u00a0\u00bb<\/p>\n<p class=\"paragraph textModule textModule--type-paragraph \" style=\"\">L\u2019\u00e9quipe de Stefano a consult\u00e9 son avocat et conclut qu\u2019il n\u2019y avait rien \u00e0 faire pour obtenir r\u00e9paration. Le jeu n\u2019en valait pas la chandelle.<\/p>\n<p class=\"paragraph textModule textModule--type-paragraph \" style=\"\">\u00ab\u00a0Si \u00e7\u2019avait \u00e9t\u00e9 fait en Am\u00e9rique du Nord [o\u00f9 les produits Stefano sont distribu\u00e9s], on serait all\u00e9s de l\u2019avant, pr\u00e9cise Isabelle Lemme. Mais en Russie, je ne pense pas qu\u2019on y vende des produits un jour\u2026\u00a0\u00bb<\/p>\n<p class=\"paragraph textModule textModule--type-paragraph \" style=\"\">L\u2019\u00e9quipe a plut\u00f4t opt\u00e9 pour une d\u00e9nonciation sur ses r\u00e9seaux sociaux, d\u2019une mani\u00e8re plut\u00f4t sympathique. Leur but \u00e9tait de sensibiliser sur le plagiat.<\/p>\n<p class=\"paragraph textModule textModule--type-paragraph \" style=\"\">Coup de th\u00e9\u00e2tre, elle a re\u00e7u jeudi matin un message qui pourrait provenir d\u2019un repr\u00e9sentant du fabricant alimentaire russe, pour donner suite \u00e0 une publication Instagram qui exposait la situation. L\u2019homme qui signe le message, en russe, reconna\u00eet que la ligne entre l\u2019inspiration et la copie est franchie et s\u2019excuse.<\/p>\n<p class=\"paragraph textModule textModule--type-paragraph \" style=\"\">Les emballages ont \u00e9t\u00e9 retir\u00e9s du site russe du fabricant de p\u00e2tes.<\/p>\n<p class=\"paragraph textModule textModule--type-paragraph \" style=\"\">\u00ab\u00a0\u00c7a m\u2019\u00e9tonnerait qu\u2019il les enl\u00e8ve du march\u00e9\u00a0\u00bb, pr\u00e9cise toutefois Isabelle Lemme, qui poursuit\u00a0: \u00ab\u00a0Ce qui m\u2019\u00e9tonne le plus, c\u2019est qu\u2019il l\u2019ait su.\u00a0\u00bb Ni Stefano personnellement ni son \u00e9quipe n\u2019a mentionn\u00e9 le nom de l\u2019entreprise russe impliqu\u00e9e dans ses publications. Le groupe qu\u00e9b\u00e9cois n\u2019avait pas contact\u00e9 le fabricant en Russie non plus.<\/p>\n<p class=\"paragraph textModule textModule--type-paragraph \" style=\"\">La\u00a0Presse a contact\u00e9 cet homme \u00e0 la suite de son commentaire sur Instagram. Il n\u2019a pas encore donn\u00e9 suite \u00e0 notre demande d\u2019entrevue.<\/p>\n","protected":false},"excerpt":{"rendered":"L\u2019emballage des p\u00e2tes du c\u00e9l\u00e8bre cuisinier qu\u00e9b\u00e9cois Stefano Faita se retrouve maintenant en Russie, sous une marque locale.&hellip;\n","protected":false},"author":2,"featured_media":254869,"comment_status":"","ping_status":"","sticky":false,"template":"","format":"standard","meta":{"footnotes":""},"categories":[1591],"tags":[11,1887,12,1885,1886,132],"class_list":{"0":"post-254868","1":"post","2":"type-post","3":"status-publish","4":"format-standard","5":"has-post-thumbnail","7":"category-russie","8":"tag-actualites","9":"tag-federation-de-russie","10":"tag-news","11":"tag-russia","12":"tag-russian-federation","13":"tag-russie"},"share_on_mastodon":{"url":"https:\/\/pubeurope.com\/@fr\/114870748806332972","error":""},"_links":{"self":[{"href":"https:\/\/www.europesays.com\/fr\/wp-json\/wp\/v2\/posts\/254868","targetHints":{"allow":["GET"]}}],"collection":[{"href":"https:\/\/www.europesays.com\/fr\/wp-json\/wp\/v2\/posts"}],"about":[{"href":"https:\/\/www.europesays.com\/fr\/wp-json\/wp\/v2\/types\/post"}],"author":[{"embeddable":true,"href":"https:\/\/www.europesays.com\/fr\/wp-json\/wp\/v2\/users\/2"}],"replies":[{"embeddable":true,"href":"https:\/\/www.europesays.com\/fr\/wp-json\/wp\/v2\/comments?post=254868"}],"version-history":[{"count":0,"href":"https:\/\/www.europesays.com\/fr\/wp-json\/wp\/v2\/posts\/254868\/revisions"}],"wp:featuredmedia":[{"embeddable":true,"href":"https:\/\/www.europesays.com\/fr\/wp-json\/wp\/v2\/media\/254869"}],"wp:attachment":[{"href":"https:\/\/www.europesays.com\/fr\/wp-json\/wp\/v2\/media?parent=254868"}],"wp:term":[{"taxonomy":"category","embeddable":true,"href":"https:\/\/www.europesays.com\/fr\/wp-json\/wp\/v2\/categories?post=254868"},{"taxonomy":"post_tag","embeddable":true,"href":"https:\/\/www.europesays.com\/fr\/wp-json\/wp\/v2\/tags?post=254868"}],"curies":[{"name":"wp","href":"https:\/\/api.w.org\/{rel}","templated":true}]}}