{"id":25487,"date":"2025-04-15T00:08:15","date_gmt":"2025-04-15T00:08:15","guid":{"rendered":"https:\/\/www.europesays.com\/fr\/25487\/"},"modified":"2025-04-15T00:08:15","modified_gmt":"2025-04-15T00:08:15","slug":"le-colonialisme-2-0-de-donald-trump-co-mediapart","status":"publish","type":"post","link":"https:\/\/www.europesays.com\/fr\/25487\/","title":{"rendered":"Le colonialisme 2.0 de Donald Trump &amp; Co &#8211; Mediapart"},"content":{"rendered":"<ol>\n<li><a href=\"https:\/\/news.google.com\/rss\/articles\/CBMilgFBVV95cUxNVkFkZVFPcXVrbTBwSk9vUG4wOE9veTZsemlWRGc1anlJd0ZHU0NEMDZBaEllUVExNEUtY0gtMWtsR1c5QTR0b1lLNTdDckhwWGpzUjRKOTFnbWtoYlY5bXJjRDZ3TnpCdUFORnBfcTA5NEtXaGNfTllzNHhGSl9zQUVhaGtXenFCZlpvd2hrbTFQZDFsckE?oc=5\" target=\"_blank\" rel=\"noopener\">Le colonialisme 2.0 de Donald Trump &amp; Co<\/a>&nbsp;&nbsp;Mediapart<\/li>\n<li><a href=\"https:\/\/news.google.com\/rss\/articles\/CBMi8AFBVV95cUxPQ184M3FOdm44SWdzanA2MDNoUlZDVmNtOHVlaXZ4WTQybDM0YktENkFmMGJ2Z1NwVmc1NndXdHl1dG1Ib3pZejdfaEVDbFdIWmg0aEE5UU5hN1hwNEJpM3RoYXJ6VmtUZk9kSVNPbTJ2YVphQVZQVjIzVWwyaGpVSDRPaE1RVVE1MUplcmFuSFBhVnZreHlueV9oNDVBX1BpTUc4V2xBSWlrMkFBRFNhcGNhVzRNWUtycjQ5R29ndVZXaEoyYzJ3V0J1clVQUGlFazNQU0hRM2VWQXN1bU10YlpkV2hQX0pmbnZrR0JReVU?oc=5\" target=\"_blank\" rel=\"noopener\">Donald Trump, cent jours de chaos : la preuve par l&rsquo;absurde de la nocivit\u00e9 du populisme d\u00e9brid\u00e9<\/a>&nbsp;&nbsp;L&rsquo;Express<\/li>\n<li><a href=\"https:\/\/news.google.com\/rss\/articles\/CBMiiwJBVV95cUxON25uSFVPM1JtY2g2VGtwazFYbWtUZlEwclRJUTc1M0Y0UXBIa0tTYVFad2xid3RNdXFQTWlrY3VxQ3ZtTzhPVU1xVFpoZy1qYkRWanZ5SDVqdGxENGlBRVZNWVFKUDZ2RWppS3lvOVJ2V1RmdUhHYV9JR3AzV2p4bE5vVWNhV0lVY2V3ejJnVkx5eTBrT0NmM1diNElKYzQyRUctVjdMM2hWRG5zRTdXQzB5cWIwSEI0TmdoaXJkSkZ4Mk1zOHZYR25hQW5aTTVpcFVwOExVVU9rcHRZajdYREpTcGVCNzJWQnhITXZBYmhmQk5zV0R1Z1NGUlpsaTVBd25sVWdIbTY1WDA?oc=5\" target=\"_blank\" rel=\"noopener\">\u00ab \u00c7a n\u2019aurait pas \u00e9t\u00e9 tenable \u00bb : des entreprises du pays de Vannes face \u00e0 la versatilit\u00e9 trumpiste<\/a>&nbsp;&nbsp;Ouest-France<\/li>\n<li><a href=\"https:\/\/news.google.com\/rss\/articles\/CBMi6AFBVV95cUxPNXBFZXdWaE10ZWlqcXY0TFhlRWljUDFKVzRaaDA0YXZkUERFTjNERFQzdnJ5cVZ6UnVRbWhrdVhBOC1FYXphMVpCek9hRXhwZ2c4WU01bnZFR3RGMGFzbl91dDB3aW5EZ2hJNU1CTXhMcHR3VnVsZllkaGxqMW9vVXJzbHkxeG0xT2xpcGtMVWd4UjFOYTVGMktHR2o0VENPSmIxWW9FbmxZVHZBVUozUkQ4d2k4RWR1WFJ5ZHFpc0RnXzZJc1pMRmV1aExYZUdHd0daX292QmFKeXZjbU5zM0Z0LTNfaGxQ?oc=5\" target=\"_blank\" rel=\"noopener\">R\u00e9duire le protectionnisme aux droits de douane serait une erreur<\/a>&nbsp;&nbsp;Lib\u00e9ration<\/li>\n<li><a href=\"https:\/\/news.google.com\/rss\/articles\/CBMinAFBVV95cUxPX1kyMFZsd3h6emNYUHplNVdvRXhrWWRsNUdUVzFhWTE2VldNelpIaTJnNnFtRFZLU0dMN1ZxWWVpbUVVcEFyTXI4S1UzUnlFTlZQMUl0ZGlLbG1FM2lybmZiN1hiWldrdV95U3VldmpPVGE5Q0FDU2JzcWJCT3V4aFQ2c2tmQ3ZZUTkyNEVDMDJ0cEVYNjQwQjd4aXU?oc=5\" target=\"_blank\" rel=\"noopener\">Trump, l&rsquo;\u00e9conomie du rapport de force<\/a>&nbsp;&nbsp;Les Echos<\/li>\n<\/ol>\n","protected":false},"excerpt":{"rendered":"Le colonialisme 2.0 de Donald Trump &amp; Co&nbsp;&nbsp;Mediapart Donald Trump, cent jours de chaos : la preuve par&hellip;\n","protected":false},"author":2,"featured_media":25488,"comment_status":"","ping_status":"","sticky":false,"template":"","format":"standard","meta":{"footnotes":""},"categories":[5],"tags":[11,782,9129,75,73,1011,27,665,3246,14,12,9130,220,28],"class_list":{"0":"post-25487","1":"post","2":"type-post","3":"status-publish","4":"format-standard","5":"has-post-thumbnail","7":"category-international","8":"tag-actualites","9":"tag-ameriques","10":"tag-colonialisme","11":"tag-donald-trump","12":"tag-etats-unis","13":"tag-fr","14":"tag-france","15":"tag-gaza","16":"tag-idees","17":"tag-international","18":"tag-news","19":"tag-politique-economique","20":"tag-ukraine","21":"tag-world"},"share_on_mastodon":{"url":"https:\/\/pubeurope.com\/@fr\/114339073442778776","error":""},"_links":{"self":[{"href":"https:\/\/www.europesays.com\/fr\/wp-json\/wp\/v2\/posts\/25487","targetHints":{"allow":["GET"]}}],"collection":[{"href":"https:\/\/www.europesays.com\/fr\/wp-json\/wp\/v2\/posts"}],"about":[{"href":"https:\/\/www.europesays.com\/fr\/wp-json\/wp\/v2\/types\/post"}],"author":[{"embeddable":true,"href":"https:\/\/www.europesays.com\/fr\/wp-json\/wp\/v2\/users\/2"}],"replies":[{"embeddable":true,"href":"https:\/\/www.europesays.com\/fr\/wp-json\/wp\/v2\/comments?post=25487"}],"version-history":[{"count":0,"href":"https:\/\/www.europesays.com\/fr\/wp-json\/wp\/v2\/posts\/25487\/revisions"}],"wp:featuredmedia":[{"embeddable":true,"href":"https:\/\/www.europesays.com\/fr\/wp-json\/wp\/v2\/media\/25488"}],"wp:attachment":[{"href":"https:\/\/www.europesays.com\/fr\/wp-json\/wp\/v2\/media?parent=25487"}],"wp:term":[{"taxonomy":"category","embeddable":true,"href":"https:\/\/www.europesays.com\/fr\/wp-json\/wp\/v2\/categories?post=25487"},{"taxonomy":"post_tag","embeddable":true,"href":"https:\/\/www.europesays.com\/fr\/wp-json\/wp\/v2\/tags?post=25487"}],"curies":[{"name":"wp","href":"https:\/\/api.w.org\/{rel}","templated":true}]}}