{"id":254872,"date":"2025-07-17T21:42:09","date_gmt":"2025-07-17T21:42:09","guid":{"rendered":"https:\/\/www.europesays.com\/fr\/254872\/"},"modified":"2025-07-17T21:42:09","modified_gmt":"2025-07-17T21:42:09","slug":"etats-unis-500-tonnes-de-nourriture-durgence-detruites-toute-lactualite-en-france-et-dans-le-monde","status":"publish","type":"post","link":"https:\/\/www.europesays.com\/fr\/254872\/","title":{"rendered":"\u00c9tats-Unis : 500 tonnes de nourriture d&rsquo;urgence d\u00e9truites | Toute l\u2019actualit\u00e9 en France et dans le Monde"},"content":{"rendered":"\n<p>Press\u00e9 de questions lors d&rsquo;une audition parlementaire mercredi, le secr\u00e9taire adjoint du d\u00e9partement d&rsquo;\u00c9tat charg\u00e9 des ressources humaines, Michael Rigas, avait l\u00e2ch\u00e9 que la destruction des biscuits avait pu r\u00e9sulter \u00ab de la fermeture de l&rsquo;USAID \u00bb. Il s&rsquo;est dit \u00ab afflig\u00e9 \u00bb, mais ses propos ont sonn\u00e9 comme un d\u00e9saveu pour une administration qui affiche sa d\u00e9termination \u00e0 lutter contre la gabegie.<\/p>\n<p>La porte-parole du d\u00e9partement d&rsquo;\u00c9tat, Tammy Bruce, a expliqu\u00e9 jeudi qu&rsquo;il \u00e9tait d&rsquo;usage de d\u00e9truire toute aide alimentaire p\u00e9rim\u00e9e mais a rejet\u00e9 toute n\u00e9gligence gouvernementale. \u00ab Nous ne recevrons pas de le\u00e7ons sur la question de l&rsquo;aide alimentaire, en tant que premier donateur mondial d&rsquo;aide alimentaire \u00bb, a-t-elle d\u00e9clar\u00e9.<\/p>\n<p>Coupes drastiques dans les programmes<\/p>\n<p>Apr\u00e8s plus de six d\u00e9cennies d&rsquo;existence, l&rsquo;USAID a officiellement ferm\u00e9 ses portes, l&rsquo;administration Trump ayant jug\u00e9 qu&rsquo;elle ne servait pas les int\u00e9r\u00eats am\u00e9ricains. L&rsquo;organisme a \u00e9t\u00e9 fusionn\u00e9 avec le d\u00e9partement d&rsquo;\u00c9tat, provoquant un s\u00e9isme dans les milieux humanitaires.<\/p>\n<p>Depuis son retour au pouvoir en janvier, le pr\u00e9sident Trump et son gouvernement ont supprim\u00e9 83 % des financements des programmes \u00e0 l&rsquo;\u00e9tranger de l&rsquo;agence. Le texte discut\u00e9 au Congr\u00e8s taille \u00e9galement dans les budgets d\u00e9di\u00e9s \u00e0 de multiples programmes, de l&rsquo;assistance aux r\u00e9fugi\u00e9s \u00e0 la promotion de la d\u00e9mocratie.<\/p>\n<p>L&rsquo;ONU priv\u00e9e de financements am\u00e9ricains<\/p>\n<p>Parmi les organisations internationales touch\u00e9es, plusieurs fonds de l&rsquo;ONU voient la contribution am\u00e9ricaine rabot\u00e9e ou supprim\u00e9e : l&rsquo;Unicef pour l&rsquo;enfance, le PNUD pour le d\u00e9veloppement ou le FNUAP pour la population. Cette r\u00e9duction massive des financements pourrait avoir des cons\u00e9quences dramatiques sur les populations les plus vuln\u00e9rables.<\/p>\n<p>Une r\u00e9cente \u00e9tude publi\u00e9e dans la prestigieuse revue m\u00e9dicale The Lancet a r\u00e9v\u00e9l\u00e9 que l&rsquo;effondrement des financements am\u00e9ricains d\u00e9di\u00e9s \u00e0 l&rsquo;aide internationale pourrait entra\u00eener plus de 14 millions de morts suppl\u00e9mentaires d&rsquo;ici 2030 parmi les plus vuln\u00e9rables, dont un tiers d&rsquo;enfants.<\/p>\n<p>Un \u00ab vide \u00bb cr\u00e9\u00e9 par Washington<\/p>\n<p>\u00ab Ce qui se passe n&rsquo;est pas seulement un revers temporaire ; c&rsquo;est un d\u00e9mant\u00e8lement du syst\u00e8me d&rsquo;aide mondial \u00e0 un moment o\u00f9 le monde en a le plus besoin \u00bb, d\u00e9plore Kate Phillips-Barrasso, vice-pr\u00e9sidente du Mercy Corps, un groupe sp\u00e9cialis\u00e9 dans l&rsquo;aide humanitaire. Elle souligne que Washington est \u00ab le principal donateur dans des pays comme le Soudan, le Nigeria et la Somalie \u00bb, y finan\u00e7ant plus de 50 % de l&rsquo;aide humanitaire.<\/p>\n<p>Au-del\u00e0 de l&rsquo;urgence humanitaire, ce sont de nombreux projets \u00e0 plus long terme qui sont \u00e9galement menac\u00e9s. \u00ab Les projets d&rsquo;infrastructure ne sont pas des choses pour lesquelles 75 % sont acceptables. Soit c&rsquo;est fait, soit ce n&rsquo;est pas fait \u00bb, affirme-t-elle en citant un programme \u00e0 Goma, en R\u00e9publique d\u00e9mocratique du Congo, pour am\u00e9liorer l&rsquo;eau potable, brusquement interrompu.<\/p>\n<p>Refonte diplomatique majeure<\/p>\n<p>Ces coupes budg\u00e9taires interviennent quelques jours apr\u00e8s l&rsquo;annonce du licenciement de plus de 1 300 employ\u00e9s du d\u00e9partement d&rsquo;\u00c9tat, ainsi que la suppression de multiples missions. Cette refonte majeure est men\u00e9e par le secr\u00e9taire d&rsquo;\u00c9tat Marco Rubio pour ajuster la diplomatie am\u00e9ricaine aux objectifs id\u00e9ologiques du pr\u00e9sident Trump.<\/p>\n<p>L&rsquo;administration am\u00e9ricaine poursuit ainsi sa politique de retrait de l&rsquo;aide internationale, malgr\u00e9 les avertissements sur les cons\u00e9quences humanitaires dramatiques de ces d\u00e9cisions pour les populations les plus vuln\u00e9rables dans le monde.<\/p>\n<p>(AFP\/Paris) Note : Cet article a \u00e9t\u00e9 \u00e9dit\u00e9 avec l&rsquo;aide de l&rsquo;Intelligence Artificielle.<\/p>\n","protected":false},"excerpt":{"rendered":"Press\u00e9 de questions lors d&rsquo;une audition parlementaire mercredi, le secr\u00e9taire adjoint du d\u00e9partement d&rsquo;\u00c9tat charg\u00e9 des ressources humaines,&hellip;\n","protected":false},"author":2,"featured_media":254873,"comment_status":"","ping_status":"","sticky":false,"template":"","format":"standard","meta":{"footnotes":""},"categories":[1589],"tags":[11,73,1866,12,9024,1864,1865,1863,308],"class_list":{"0":"post-254872","1":"post","2":"type-post","3":"status-publish","4":"format-standard","5":"has-post-thumbnail","7":"category-etats-unis","8":"tag-actualites","9":"tag-etats-unis","10":"tag-etats-unis-damerique","11":"tag-news","12":"tag-politics","13":"tag-united-states","14":"tag-united-states-of-america","15":"tag-us","16":"tag-usa"},"share_on_mastodon":{"url":"https:\/\/pubeurope.com\/@fr\/114870756569319459","error":""},"_links":{"self":[{"href":"https:\/\/www.europesays.com\/fr\/wp-json\/wp\/v2\/posts\/254872","targetHints":{"allow":["GET"]}}],"collection":[{"href":"https:\/\/www.europesays.com\/fr\/wp-json\/wp\/v2\/posts"}],"about":[{"href":"https:\/\/www.europesays.com\/fr\/wp-json\/wp\/v2\/types\/post"}],"author":[{"embeddable":true,"href":"https:\/\/www.europesays.com\/fr\/wp-json\/wp\/v2\/users\/2"}],"replies":[{"embeddable":true,"href":"https:\/\/www.europesays.com\/fr\/wp-json\/wp\/v2\/comments?post=254872"}],"version-history":[{"count":0,"href":"https:\/\/www.europesays.com\/fr\/wp-json\/wp\/v2\/posts\/254872\/revisions"}],"wp:featuredmedia":[{"embeddable":true,"href":"https:\/\/www.europesays.com\/fr\/wp-json\/wp\/v2\/media\/254873"}],"wp:attachment":[{"href":"https:\/\/www.europesays.com\/fr\/wp-json\/wp\/v2\/media?parent=254872"}],"wp:term":[{"taxonomy":"category","embeddable":true,"href":"https:\/\/www.europesays.com\/fr\/wp-json\/wp\/v2\/categories?post=254872"},{"taxonomy":"post_tag","embeddable":true,"href":"https:\/\/www.europesays.com\/fr\/wp-json\/wp\/v2\/tags?post=254872"}],"curies":[{"name":"wp","href":"https:\/\/api.w.org\/{rel}","templated":true}]}}