{"id":254876,"date":"2025-07-17T21:44:11","date_gmt":"2025-07-17T21:44:11","guid":{"rendered":"https:\/\/www.europesays.com\/fr\/254876\/"},"modified":"2025-07-17T21:44:11","modified_gmt":"2025-07-17T21:44:11","slug":"reforme-de-laffection-de-longue-duree-la-comparaison-de-bayrou-avec-lallemagne-est-elle-justifiee","status":"publish","type":"post","link":"https:\/\/www.europesays.com\/fr\/254876\/","title":{"rendered":"R\u00e9forme de l\u2019affection de longue dur\u00e9e\u00a0: la comparaison de Bayrou avec l\u2019Allemagne est-elle justifi\u00e9e\u00a0?"},"content":{"rendered":"<p>Sur le nombre d\u2019heures travaill\u00e9es, la consommation d\u2019antibiotiques ou <a href=\"https:\/\/www.letelegramme.fr\/france\/sante-cest-quoi-le-regime-des-ald-dont-la-cour-des-comptes-preconise-la-refonte-6853321.php\" rel=\"nofollow noopener\" target=\"_blank\">sur l\u2019affection de longue dur\u00e9e (ALD)<\/a>, Fran\u00e7ois Bayrou a compar\u00e9, lors de sa pr\u00e9sentation, les situations des deux c\u00f4t\u00e9s du Rhin. Vieille ficelle de la politique fran\u00e7aise, le parall\u00e8le avec la \u00ab rigueur allemande \u00bb, parfois plus ancr\u00e9e dans l\u2019imaginaire collectif que dans la r\u00e9alit\u00e9 (en Allemagne, o\u00f9 l\u2019on a, avant la France, invent\u00e9 les 35 heures, joindre quelqu\u2019un au travail, le vendredi apr\u00e8s-midi, est souvent un d\u00e9fi), justifie le serrage de ceinture des concitoyens. Au sujet de l\u2019ALD, le Premier Ministre a d\u00e9clar\u00e9\u00a0: \u00ab\u00a0En France, 20\u00a0% des patients sont en ALD, contre 5\u00a0% en Allemagne, et je n\u2019ai pas l\u2019impression que les Allemands soient moins bien soign\u00e9s\u00a0\u00bb, afin de motiver une r\u00e9forme.<\/p>\n<p>Un dispositif diff\u00e9rent Outre-Rhin<\/p>\n<p>Ce dispositif permet au patient fran\u00e7ais atteint d\u2019une affection dont \u00ab\u00a0la gravit\u00e9 et\/ou le caract\u00e8re chronique n\u00e9cessitent un traitement prolong\u00e9 et une th\u00e9rapeutique particuli\u00e8rement co\u00fbteuse\u00a0\u00bb (cancer, maladies d\u00e9g\u00e9n\u00e9ratives..) de b\u00e9n\u00e9ficier d\u2019un remboursement \u00e0 100\u00a0% de ses frais de sant\u00e9. <\/p>\n<p>Un dispositif identique n\u2019existe pas en Allemagne. Les patients ne payent pas la visite chez le m\u00e9decin (g\u00e9n\u00e9raliste ou sp\u00e9cialiste) mais, par exemple, ils participent au financement des m\u00e9dicaments prescrits (sauf pour les enfants, pour qui la prise en charge est gratuite), des transports et des soins dispens\u00e9s par les professionnels non-m\u00e9decins, comme les kin\u00e9sith\u00e9rapeutes. Un patient atteint d\u2019une maladie chronique avance donc l\u2019argent de ses d\u00e9penses de sant\u00e9 mais il se fait rembourser quand elles exc\u00e8dent 1\u00a0% de ses revenus bruts annuels. <\/p>\n<p>Les retrait\u00e9s pas pris en compte<\/p>\n<p>Contact\u00e9 sur l\u2019origine des 5\u00a0% mentionn\u00e9s, le service de presse du Premier ministre n\u2019a pas donn\u00e9 suite \u00e0 notre demande. Selon une \u00e9tude publi\u00e9e, en 2020, par l\u2019Observatoire europ\u00e9en des syst\u00e8mes et des politiques de sant\u00e9, 8\u00a0% des affili\u00e9s aux caisses de s\u00e9curit\u00e9 sociale allemandes avaient d\u00e9pass\u00e9 ce plafond de 1\u00a0%, en 2018, ce qui pourrait tr\u00e8s \u00e9ventuellement correspondre au chiffre avanc\u00e9 par Fran\u00e7ois Bayrou. Nous n\u2019avons pas trouv\u00e9 de pourcentages correspondants. Les statistiques du minist\u00e8re de la Sant\u00e9 pr\u00e9cisent que 4,3\u00a0% des 20-64 ans sont inactifs \u00e0 cause de maladie ou de handicap mais les retrait\u00e9s, beaucoup plus touch\u00e9s par les ALD, ne sont donc pas inclus.<\/p>\n","protected":false},"excerpt":{"rendered":"Sur le nombre d\u2019heures travaill\u00e9es, la consommation d\u2019antibiotiques ou sur l\u2019affection de longue dur\u00e9e (ALD), Fran\u00e7ois Bayrou a&hellip;\n","protected":false},"author":2,"featured_media":254877,"comment_status":"","ping_status":"","sticky":false,"template":"","format":"standard","meta":{"footnotes":""},"categories":[1587],"tags":[11,672,1804,1805,1803,1777,674,27,1801,12,1802],"class_list":{"0":"post-254876","1":"post","2":"type-post","3":"status-publish","4":"format-standard","5":"has-post-thumbnail","7":"category-allemagne","8":"tag-actualites","9":"tag-allemagne","10":"tag-bundesrepublik-deutschland","11":"tag-de","12":"tag-deutschland","13":"tag-eu","14":"tag-europe","15":"tag-france","16":"tag-germany","17":"tag-news","18":"tag-republique-federale-dallemagne"},"share_on_mastodon":{"url":"https:\/\/pubeurope.com\/@fr\/114870764449644446","error":""},"_links":{"self":[{"href":"https:\/\/www.europesays.com\/fr\/wp-json\/wp\/v2\/posts\/254876","targetHints":{"allow":["GET"]}}],"collection":[{"href":"https:\/\/www.europesays.com\/fr\/wp-json\/wp\/v2\/posts"}],"about":[{"href":"https:\/\/www.europesays.com\/fr\/wp-json\/wp\/v2\/types\/post"}],"author":[{"embeddable":true,"href":"https:\/\/www.europesays.com\/fr\/wp-json\/wp\/v2\/users\/2"}],"replies":[{"embeddable":true,"href":"https:\/\/www.europesays.com\/fr\/wp-json\/wp\/v2\/comments?post=254876"}],"version-history":[{"count":0,"href":"https:\/\/www.europesays.com\/fr\/wp-json\/wp\/v2\/posts\/254876\/revisions"}],"wp:featuredmedia":[{"embeddable":true,"href":"https:\/\/www.europesays.com\/fr\/wp-json\/wp\/v2\/media\/254877"}],"wp:attachment":[{"href":"https:\/\/www.europesays.com\/fr\/wp-json\/wp\/v2\/media?parent=254876"}],"wp:term":[{"taxonomy":"category","embeddable":true,"href":"https:\/\/www.europesays.com\/fr\/wp-json\/wp\/v2\/categories?post=254876"},{"taxonomy":"post_tag","embeddable":true,"href":"https:\/\/www.europesays.com\/fr\/wp-json\/wp\/v2\/tags?post=254876"}],"curies":[{"name":"wp","href":"https:\/\/api.w.org\/{rel}","templated":true}]}}