{"id":254879,"date":"2025-07-17T21:46:11","date_gmt":"2025-07-17T21:46:11","guid":{"rendered":"https:\/\/www.europesays.com\/fr\/254879\/"},"modified":"2025-07-17T21:46:11","modified_gmt":"2025-07-17T21:46:11","slug":"lue-souhaite-conditionner-lacces-aux-fonds-europeens-au-respect-de-letat-de-droit","status":"publish","type":"post","link":"https:\/\/www.europesays.com\/fr\/254879\/","title":{"rendered":"L&rsquo;UE souhaite conditionner l&rsquo;acc\u00e8s aux fonds europ\u00e9ens au respect de l&rsquo;\u00c9tat de droit"},"content":{"rendered":"<p>            <img decoding=\"async\" class=\"c-ad__placeholder__logo\" src=\"https:\/\/static.euronews.com\/website\/images\/logos\/logo-euronews-grey-6-180x22.svg\" width=\"180\" height=\"22\" alt=\"\" loading=\"lazy\"\/><br \/>\n            PUBLICIT\u00c9<\/p>\n<p>La Commission europ\u00e9enne intensifie son bras de fer avec la Hongrie au sujet de l&rsquo;\u00c9tat de droit, en proposant de conditionner l&rsquo;acc\u00e8s des fonds de l&rsquo;UE au respect des valeurs d\u00e9mocratiques dans <a href=\"https:\/\/fr.euronews.com\/my-europe\/2025\/07\/17\/nouveau-budget-europeen-a-2-000-milliards-deuros-dursula-von-der-leyen-six-points-cles-a-r\" target=\"_blank\" rel=\"noopener\"><strong>sa proposition de budget 2028-2034<\/strong><\/a> annonc\u00e9e mercredi.<\/p>\n<p>Afin d&rsquo;acc\u00e9der aux financements europ\u00e9ens et d&rsquo;obtenir l&rsquo;approbation des projets, les \u00c9tats membres seraient tenus de respecter les principes inscrits dans la Charte des droits fondamentaux et l&rsquo;article 2 du <a href=\"https:\/\/eur-lex.europa.eu\/resource.html?uri=cellar:2bf140bf-a3f8-4ab2-b506-fd71826e6da6.0002.02\/DOC_1&amp;format=PDF\" target=\"_blank\" rel=\"noreferrer noopener\"><strong>trait\u00e9 sur l&rsquo;Union europ\u00e9enne<\/strong><\/a>.<\/p>\n<p>Ce dernier stipule que \u00ab\u00a0l&rsquo;Union est fond\u00e9e sur les valeurs de respect de la dignit\u00e9 humaine, de libert\u00e9, de d\u00e9mocratie, d&rsquo;\u00e9galit\u00e9, de l&rsquo;\u00c9tat de droit, ainsi que de respect des droits de l&rsquo;Homme, y compris des droits des personnes appartenant \u00e0 des minorit\u00e9s\u00a0\u00bb.<\/p>\n<p>\u00ab\u00a0Ces valeurs sont communes aux \u00c9tats membres dans une soci\u00e9t\u00e9 caract\u00e9ris\u00e9e par le pluralisme, la non-discrimination, la tol\u00e9rance, la justice, la solidarit\u00e9 et l&rsquo;\u00e9galit\u00e9 entre les femmes et les hommes\u00a0\u00bb, conclut l&rsquo;article.<\/p>\n<p>La Hongrie pourrait perdre l&rsquo;acc\u00e8s \u00e0 tous les fonds europ\u00e9ens<\/p>\n<p>Cette proposition introduirait une forme de \u00ab\u00a0conditionnalit\u00e9 intelligente\u00a0\u00bb, a assur\u00e9 mercredi la pr\u00e9sidente de la Commission europ\u00e9enne, Ursula von der Leyen.<\/p>\n<p>\u00ab\u00a0Dans les plans nationaux de partenariat r\u00e9gional, nous faisons de l&rsquo;\u00c9tat de droit et des droits fondamentaux une condition d&rsquo;investissement et un axe de r\u00e9forme\u00a0\u00bb, explique-t-elle. \u00ab\u00a0L&rsquo;argent de l&rsquo;UE sera d\u00e9pens\u00e9 de mani\u00e8re responsable, avec des garanties solides, une conditionnalit\u00e9 claire et des incitations appropri\u00e9es, parce que c&rsquo;est dans l&rsquo;int\u00e9r\u00eat de nos citoyens\u00a0\u00bb.<\/p>\n<p>Les plans de partenariat r\u00e9gionaux (PNR), qui constituent le plus grand volet de financement du nouveau budget, comprennent des dotations pour l&rsquo;agriculture et les politiques de coh\u00e9sion. L&rsquo;\u00e9ligibilit\u00e9 au financement serait d\u00e9termin\u00e9e en partie par les rapports annuels de la Commission europ\u00e9enne sur l&rsquo;\u00c9tat de droit.<\/p>\n<p>Si elle est adopt\u00e9e, cette mesure pourrait entra\u00eener la suspension totale des fonds de l&rsquo;Union europ\u00e9enne destin\u00e9s \u00e0 la Hongrie. <\/p>\n<p>Le pays dirig\u00e9 par Viktor Orb\u00e1n est d\u00e9j\u00e0 confront\u00e9 \u00e0 <a href=\"https:\/\/fr.euronews.com\/my-europe\/2025\/07\/08\/rapport-sur-letat-de-droit-lue-maintient-18-milliards-deuros-geles-pour-la-hongrie\" target=\"_blank\" rel=\"noopener\"><strong>un gel de 18 milliards d&rsquo;euros<\/strong><\/a> de fonds europ\u00e9ens en raison de pr\u00e9occupations li\u00e9es \u00e0 la corruption syst\u00e9mique et au recul de la d\u00e9mocratie. <\/p>\n<p>Dans le cadre budg\u00e9taire actuel, Budapest n&rsquo;a acc\u00e8s qu&rsquo;\u00e0 10 milliards d&rsquo;euros de ces fonds.<\/p>\n<p>La proposition doit \u00eatre approuv\u00e9e par tous les \u00c9tats membres, dont la Hongrie<\/p>\n<p>L&rsquo;eurod\u00e9put\u00e9 \u00e9cologiste allemand Daniel Freund, critique virulent de Viktor Orb\u00e1n, a accueilli la proposition avec prudence.<\/p>\n<p>\u00ab\u00a0C&rsquo;est un petit pas dans la bonne direction\u00a0\u00bb, estime-t-il. \u00ab\u00a0Les choses pourraient s&rsquo;am\u00e9liorer si ce plan est adopt\u00e9, mais n&rsquo;oublions pas qu&rsquo;il doit \u00eatre ratifi\u00e9 \u00e0 la fois par le Parlement europ\u00e9en et \u00e0 l&rsquo;unanimit\u00e9 par les \u00c9tats membres, y compris la Hongrie\u00a0\u00bb.<\/p>\n<p>Daniel Freund a \u00e9galement fait part \u00e0 Euronews de ses inqui\u00e9tudes concernant certaines parties de la proposition, en particulier quant \u00e0 un mod\u00e8le de financement bas\u00e9 sur la performance, similaire \u00e0 celui utilis\u00e9 dans le cadre du Fonds de relance COVID-19.<\/p>\n<p>La Hongrie reste le seul pays de l&rsquo;UE actuellement soumis au m\u00e9canisme de conditionnalit\u00e9 de <a href=\"https:\/\/fr.euronews.com\/2025\/03\/17\/letat-de-droit-se-deteriore-dans-lue-selon-un-rapport\" target=\"_blank\" rel=\"noopener\"><strong>l&rsquo;\u00c9tat de droit<\/strong><\/a>, un outil qui permet de suspendre les fonds en cas de violations syst\u00e9miques des valeurs de l&rsquo;UE. Budapest s&rsquo;est fortement oppos\u00e9 \u00e0 l&rsquo;adoption de ce m\u00e9canisme en 2020.<\/p>\n<p>L&rsquo;eurod\u00e9put\u00e9 hongrois pro-gouvernemental Csaba D\u00f6m\u00f6t\u00f6r a critiqu\u00e9 l&rsquo;approche de la Commission, d\u00e9non\u00e7ant une forme de pression politique.<\/p>\n<p>\u00ab\u00a0Retenir de l&rsquo;argent ne sert qu&rsquo;aux gouvernements lib\u00e9raux et de gauche\u00a0\u00bb, a d\u00e9clar\u00e9 l&rsquo;\u00e9lu \u00e0 Euronews. \u00ab\u00a0S&rsquo;ils peuvent causer des dommages \u00e9conomiques, cela profite aux forces de gauche pendant les \u00e9lections. Il s&rsquo;agit d&rsquo;un chantage politique\u00a0\u00bb.<\/p>\n<p>Viktor Orb\u00e1n a \u00e9galement critiqu\u00e9 le budget propos\u00e9 par la Commission, accusant Bruxelles de donner la priorit\u00e9 \u00e0 l&rsquo;Ukraine au d\u00e9triment des citoyens europ\u00e9ens. Il a exhort\u00e9 l&rsquo;ex\u00e9cutif de l&rsquo;UE \u00e0 retirer le plan, arguant qu&rsquo;il est trop faible pour faire l&rsquo;objet de discussions s\u00e9rieuses.<\/p>\n","protected":false},"excerpt":{"rendered":"PUBLICIT\u00c9 La Commission europ\u00e9enne intensifie son bras de fer avec la Hongrie au sujet de l&rsquo;\u00c9tat de droit,&hellip;\n","protected":false},"author":2,"featured_media":254880,"comment_status":"","ping_status":"","sticky":false,"template":"","format":"standard","meta":{"footnotes":""},"categories":[1586],"tags":[11,39515,8711,1777,674,1779,1011,27,804,12,25,1778,364,7247],"class_list":{"0":"post-254879","1":"post","2":"type-post","3":"status-publish","4":"format-standard","5":"has-post-thumbnail","7":"category-europe","8":"tag-actualites","9":"tag-budget-europeen","10":"tag-etat-de-droit","11":"tag-eu","12":"tag-europe","13":"tag-european-union","14":"tag-fr","15":"tag-france","16":"tag-hongrie","17":"tag-news","18":"tag-republique-francaise","19":"tag-ue","20":"tag-union-europeenne","21":"tag-viktor-orban"},"share_on_mastodon":{"url":"https:\/\/pubeurope.com\/@fr\/114870772387855502","error":""},"_links":{"self":[{"href":"https:\/\/www.europesays.com\/fr\/wp-json\/wp\/v2\/posts\/254879","targetHints":{"allow":["GET"]}}],"collection":[{"href":"https:\/\/www.europesays.com\/fr\/wp-json\/wp\/v2\/posts"}],"about":[{"href":"https:\/\/www.europesays.com\/fr\/wp-json\/wp\/v2\/types\/post"}],"author":[{"embeddable":true,"href":"https:\/\/www.europesays.com\/fr\/wp-json\/wp\/v2\/users\/2"}],"replies":[{"embeddable":true,"href":"https:\/\/www.europesays.com\/fr\/wp-json\/wp\/v2\/comments?post=254879"}],"version-history":[{"count":0,"href":"https:\/\/www.europesays.com\/fr\/wp-json\/wp\/v2\/posts\/254879\/revisions"}],"wp:featuredmedia":[{"embeddable":true,"href":"https:\/\/www.europesays.com\/fr\/wp-json\/wp\/v2\/media\/254880"}],"wp:attachment":[{"href":"https:\/\/www.europesays.com\/fr\/wp-json\/wp\/v2\/media?parent=254879"}],"wp:term":[{"taxonomy":"category","embeddable":true,"href":"https:\/\/www.europesays.com\/fr\/wp-json\/wp\/v2\/categories?post=254879"},{"taxonomy":"post_tag","embeddable":true,"href":"https:\/\/www.europesays.com\/fr\/wp-json\/wp\/v2\/tags?post=254879"}],"curies":[{"name":"wp","href":"https:\/\/api.w.org\/{rel}","templated":true}]}}