{"id":254891,"date":"2025-07-17T21:55:13","date_gmt":"2025-07-17T21:55:13","guid":{"rendered":"https:\/\/www.europesays.com\/fr\/254891\/"},"modified":"2025-07-17T21:55:13","modified_gmt":"2025-07-17T21:55:13","slug":"motogp-fabio-di-giannantonio-tous-les-pilotes-aspirent-a-devenir-pilotes-dusine-ce-serait-fantastique-de-pouvoir-partager-le-stand-avec-marc-marquez","status":"publish","type":"post","link":"https:\/\/www.europesays.com\/fr\/254891\/","title":{"rendered":"MotoGP, Fabio Di Giannantonio : \u00ab\u00a0tous les pilotes aspirent \u00e0 devenir pilotes d&rsquo;usine, ce serait fantastique de pouvoir partager le stand avec Marc Marquez\u00a0\u00bb"},"content":{"rendered":"<p><strong>Dans un paddock o\u00f9 les murmures sont parfois plus<br \/>\nbruyants que les moteurs, la derni\u00e8re rumeur fait grand bruit :<br \/>\nPecco Bagnaia, double champion du monde Ducati, pourrait quitter le<br \/>\nteam officiel de la marque pour rebondir au sein de la structure<br \/>\nVR46, plus proche de son mentor Valentino Rossi\u2026 et surtout plus<br \/>\n\u00e9loign\u00e9e de l\u2019ombre grandissante de Marc Marquez. Une man\u0153uvre qui<br \/>\nlib\u00e9rerait, selon certains, le guidon tant convoit\u00e9 de la<br \/>\nDesmosedici rouge pour Fabio Di Giannantonio.<\/strong><\/p>\n<p>Interrog\u00e9 \u00e0 <strong>Brno<\/strong> sur cette hypoth\u00e8se aussi<br \/>\naudacieuse que r\u00e9aliste au vu des dynamiques actuelles,<br \/>\n\u00ab\u00a0DiGia\u00a0\u00bb a r\u00e9agi avec la lucidit\u00e9 d\u2019un pilote concentr\u00e9<br \/>\nsur l\u2019essentiel : \u00ab <strong>tous les pilotes aspirent \u00e0 devenir<br \/>\npilotes d\u2019usine<\/strong> ; c\u2019est l\u2019objectif de chacun, car<br \/>\ntravailler avec une \u00e9quipe d\u2019usine est diff\u00e9rent de travailler avec<br \/>\nune \u00e9quipe priv\u00e9e. J\u2019ai un contrat direct avec Ducati, avec la moto<br \/>\nd\u2019usine et le soutien officiel. \u00c7a me convient. \u00bb<\/p>\n<p><img loading=\"lazy\" decoding=\"async\" class=\"aligncenter\" src=\"https:\/\/www.europesays.com\/fr\/wp-content\/uploads\/2025\/07\/diggia-1024x704.jpg\" alt=\"De Giannantonio\" width=\"855\" height=\"588\"\/><\/p>\n<p><strong>Fabio Di<br \/>\nGiannantonio\u00a0: \u00ab\u00a0avec un champion comme Marc Marquez<br \/>\ndans le stand, on apprend \u00e9norm\u00e9ment de<br \/>\nchoses\u00a0\u00bb<\/strong><\/p>\n<p>Pas de pr\u00e9cipitation donc, mais une ambition assum\u00e9e. \u00ab Je<br \/>\nn\u2019ai pas d\u2019id\u00e9es pr\u00e9con\u00e7ues, je veux juste donner le meilleur de<br \/>\nmoi-m\u00eame l\u00e0 o\u00f9 je suis. Je ne pense pas \u00e0 l\u2019avenir \u00bb, a-t-il<br \/>\najout\u00e9, refusant de c\u00e9der \u00e0 l\u2019euphorie m\u00e9diatique.<\/p>\n<p>Quant \u00e0 la perspective de partager le box avec l\u2019homme fort du<br \/>\nmoment en <a href=\"https:\/\/www.motogp.com\/en\" rel=\"nofollow noopener\" target=\"_blank\">MotoGP<\/a>, <a href=\"https:\/\/www.paddock-gp.com\/motogp-brno-marc-marquez-prudent-pecco-bagnaia-ambitieux-avant-la-pause-estivale\/\" rel=\"nofollow noopener\" target=\"_blank\"><br \/>\n<strong>Marc Marquez<\/strong><\/a>, Fabio l\u2019Italien ne cache pas son<br \/>\nenthousiasme : \u00ab ce serait fantastique de pouvoir partager le<br \/>\nstand avec lui ! Avec un champion comme lui dans le stand, on<br \/>\napprend \u00e9norm\u00e9ment de choses, sur la piste comme en dehors.<br \/>\n<strong>Pour moi, ce serait une formidable exp\u00e9rience de<br \/>\nd\u00e9veloppement personnel<\/strong>. \u00bb<\/p>\n<p>Entre ambition calme et respect pour l\u2019excellence, <strong>Di<br \/>\nGiannantonio<\/strong> trace sa route. <a href=\"https:\/\/www.paddock-gp.com\/motogp-claudio-domenicali-inquiet-pour-pecco-bagnaia-quelque-chose-de-fondamental-ne-va-pas\/\" rel=\"nofollow noopener\" target=\"_blank\"><br \/>\n<strong>Ducati<\/strong><\/a>, de son c\u00f4t\u00e9, pourrait bien voir en lui<br \/>\nplus qu\u2019un simple int\u00e9rimaire\u2026 un futur homme de base.<\/p>\n<p><img loading=\"lazy\" decoding=\"async\" class=\"aligncenter size-full wp-image-1311158\" src=\"https:\/\/www.europesays.com\/fr\/wp-content\/uploads\/2025\/07\/DiGia-Marquez.jpg\" alt=\"Fabio Di Giannantonio \" width=\"669\" height=\"377\"  \/><\/p>\n","protected":false},"excerpt":{"rendered":"Dans un paddock o\u00f9 les murmures sont parfois plus bruyants que les moteurs, la derni\u00e8re rumeur fait grand&hellip;\n","protected":false},"author":2,"featured_media":254892,"comment_status":"","ping_status":"","sticky":false,"template":"","format":"standard","meta":{"footnotes":""},"categories":[1413],"tags":[1011,27,1457,1456,60],"class_list":{"0":"post-254891","1":"post","2":"type-post","3":"status-publish","4":"format-standard","5":"has-post-thumbnail","7":"category-moto","8":"tag-fr","9":"tag-france","10":"tag-moto","11":"tag-motocycle","12":"tag-sports"},"share_on_mastodon":{"url":"https:\/\/pubeurope.com\/@fr\/114870807796969854","error":""},"_links":{"self":[{"href":"https:\/\/www.europesays.com\/fr\/wp-json\/wp\/v2\/posts\/254891","targetHints":{"allow":["GET"]}}],"collection":[{"href":"https:\/\/www.europesays.com\/fr\/wp-json\/wp\/v2\/posts"}],"about":[{"href":"https:\/\/www.europesays.com\/fr\/wp-json\/wp\/v2\/types\/post"}],"author":[{"embeddable":true,"href":"https:\/\/www.europesays.com\/fr\/wp-json\/wp\/v2\/users\/2"}],"replies":[{"embeddable":true,"href":"https:\/\/www.europesays.com\/fr\/wp-json\/wp\/v2\/comments?post=254891"}],"version-history":[{"count":0,"href":"https:\/\/www.europesays.com\/fr\/wp-json\/wp\/v2\/posts\/254891\/revisions"}],"wp:featuredmedia":[{"embeddable":true,"href":"https:\/\/www.europesays.com\/fr\/wp-json\/wp\/v2\/media\/254892"}],"wp:attachment":[{"href":"https:\/\/www.europesays.com\/fr\/wp-json\/wp\/v2\/media?parent=254891"}],"wp:term":[{"taxonomy":"category","embeddable":true,"href":"https:\/\/www.europesays.com\/fr\/wp-json\/wp\/v2\/categories?post=254891"},{"taxonomy":"post_tag","embeddable":true,"href":"https:\/\/www.europesays.com\/fr\/wp-json\/wp\/v2\/tags?post=254891"}],"curies":[{"name":"wp","href":"https:\/\/api.w.org\/{rel}","templated":true}]}}