{"id":254894,"date":"2025-07-17T21:57:10","date_gmt":"2025-07-17T21:57:10","guid":{"rendered":"https:\/\/www.europesays.com\/fr\/254894\/"},"modified":"2025-07-17T21:57:10","modified_gmt":"2025-07-17T21:57:10","slug":"tdf-tour-de-france-j-r-bernaudeau-si-le-tour-est-plie-il-ne-faut-pas-exagerer","status":"publish","type":"post","link":"https:\/\/www.europesays.com\/fr\/254894\/","title":{"rendered":"TDF. Tour de France &#8211; J-R Bernaudeau : \u00abSi le Tour est pli\u00e9 ? Il ne faut pas exag\u00e9rer\u00bb"},"content":{"rendered":"<p>Pr\u00e9sents dans l&rsquo;\u00e9chapp\u00e9e, les coureurs de la <strong>TotalEnergies <\/strong>n&rsquo;ont pas r\u00e9ussi \u00e0 peser dans le final de la 12e \u00e9tape du <strong><a href=\"https:\/\/www.cyclismactu.net\/..\/news-tdf-route-tour-de-france-tadej-pogacar-ecrase-12e-etape-et-vingegaard-hautacam-89018.html\" target=\"_blank\" rel=\"nofollow noopener\">Tour de France<\/a> <\/strong>ce jeudi. De son c\u00f4t\u00e9, <strong><a href=\"https:\/\/www.cyclismactu.net\/..\/news-tdf-route-tour-de-france-tadej-pogacar-une-revanche-n-y-ai-pas-pense-89022.html\" target=\"_blank\" rel=\"nofollow noopener\">Tadej Pogacar<\/a> <\/strong>(UAE Team Emirates XRG) a lui bien r\u00e9ussi \u00e0 peser dans le final puisque le Slov\u00e8ne s&rsquo;est impos\u00e9 avec plus de deux minutes d&rsquo;avance sur <strong>Jonas Vingegaard <\/strong>(Team Visma | Lease a Bike). Pas encore suffisant pour faire dire \u00e0 <strong>Jean-Ren\u00e9 Bernaudeau<\/strong>,\u00a0le manager de la formation vend\u00e9enne, que le <strong>Tour de France <\/strong>est pli\u00e9&#8230;<\/p>\n<p>\u00a0<\/p>\n<p>\u00ab\u00a0Le contre-la-montre, ce sera semi-repos\u00a0\u00bb<\/p>\n<p>Prudent, <strong>Jean-Ren\u00e9 Bernaudeau <\/strong>ne veut pas trop s&rsquo;avancer sur l&rsquo;issue de ce <strong>Tour de France <\/strong>:\u00a0\u00ab\u00a0Je ne sais pas si le Tour est pli\u00e9, il y a beaucoup d&rsquo;exploits sur ce Tour. Il y a eu Healy l&rsquo;autre jour, des Van der Poel qui ont du culot. Je ne sais pas, Pogacar est tr\u00e8s fort, c&rsquo;est le grand favori mais dire qu&rsquo;il est pli\u00e9&#8230; il ne faut pas exag\u00e9rer, tout peut arriver, une chute. Il n&rsquo;est pas pli\u00e9 mais c&rsquo;est le grand grand favori. On doit faire 43 km\/h de moyenne, en montagne. On devait \u00eatre 50 avant d&rsquo;attaquer les premi\u00e8res difficult\u00e9s donc encore une grosse \u00e9tape difficile qui va marquer les organismes, il y a toujours des additions qui se payent, ce Tour est vraiment\u00a0 tr\u00e8s beau et le spectacle est magnifique. Les d\u00e9lais sont importants pour le contre-la-montre, si on n&rsquo;est pas malades et si on n&rsquo;a pas d&rsquo;accidents, je pense qu&rsquo;on est \u00e0 25 % de d\u00e9lai. L&rsquo;\u00e9quipe TotalEnergies est en bonne sant\u00e9 donc cette journ\u00e9e, ce sera semi-repos.\u00a0\u00bb<\/p>\n<p>Tour de France &#8211; Classement de la 12\u00e8 \u00e9tape Tour de France &#8211; Classement g\u00e9n\u00e9ral provisoire apr\u00e8s la 12\u00e8 \u00e9tapeDANS LA M\u00caME CAT\u00c9GORIEA LA UNE<\/p>\n","protected":false},"excerpt":{"rendered":"Pr\u00e9sents dans l&rsquo;\u00e9chapp\u00e9e, les coureurs de la TotalEnergies n&rsquo;ont pas r\u00e9ussi \u00e0 peser dans le final de la&hellip;\n","protected":false},"author":2,"featured_media":254895,"comment_status":"","ping_status":"","sticky":false,"template":"","format":"standard","meta":{"footnotes":""},"categories":[1411],"tags":[1154,207,211,1011,27,209,60,210,212,208,213],"class_list":{"0":"post-254894","1":"post","2":"type-post","3":"status-publish","4":"format-standard","5":"has-post-thumbnail","7":"category-cyclisme","8":"tag-cycling","9":"tag-cyclisme","10":"tag-ffc","11":"tag-fr","12":"tag-france","13":"tag-route","14":"tag-sports","15":"tag-tour-de-france","16":"tag-uci","17":"tag-velo","18":"tag-world-tour"},"share_on_mastodon":{"url":"https:\/\/pubeurope.com\/@fr\/114870815480014032","error":""},"_links":{"self":[{"href":"https:\/\/www.europesays.com\/fr\/wp-json\/wp\/v2\/posts\/254894","targetHints":{"allow":["GET"]}}],"collection":[{"href":"https:\/\/www.europesays.com\/fr\/wp-json\/wp\/v2\/posts"}],"about":[{"href":"https:\/\/www.europesays.com\/fr\/wp-json\/wp\/v2\/types\/post"}],"author":[{"embeddable":true,"href":"https:\/\/www.europesays.com\/fr\/wp-json\/wp\/v2\/users\/2"}],"replies":[{"embeddable":true,"href":"https:\/\/www.europesays.com\/fr\/wp-json\/wp\/v2\/comments?post=254894"}],"version-history":[{"count":0,"href":"https:\/\/www.europesays.com\/fr\/wp-json\/wp\/v2\/posts\/254894\/revisions"}],"wp:featuredmedia":[{"embeddable":true,"href":"https:\/\/www.europesays.com\/fr\/wp-json\/wp\/v2\/media\/254895"}],"wp:attachment":[{"href":"https:\/\/www.europesays.com\/fr\/wp-json\/wp\/v2\/media?parent=254894"}],"wp:term":[{"taxonomy":"category","embeddable":true,"href":"https:\/\/www.europesays.com\/fr\/wp-json\/wp\/v2\/categories?post=254894"},{"taxonomy":"post_tag","embeddable":true,"href":"https:\/\/www.europesays.com\/fr\/wp-json\/wp\/v2\/tags?post=254894"}],"curies":[{"name":"wp","href":"https:\/\/api.w.org\/{rel}","templated":true}]}}