{"id":254898,"date":"2025-07-17T21:59:10","date_gmt":"2025-07-17T21:59:10","guid":{"rendered":"https:\/\/www.europesays.com\/fr\/254898\/"},"modified":"2025-07-17T21:59:10","modified_gmt":"2025-07-17T21:59:10","slug":"cette-scene-de-charlotte-gainsbourg-a-marque-a-vie-anouk-grinberg","status":"publish","type":"post","link":"https:\/\/www.europesays.com\/fr\/254898\/","title":{"rendered":"cette sc\u00e8ne de Charlotte Gainsbourg a marqu\u00e9 \u00e0 vie Anouk Grinberg"},"content":{"rendered":"<p>Dans son ouvrage Respect, <strong>Anouk<br \/>\nGrinberg<\/strong> brise le tabou en \u00e9voquant les violences<br \/>\nsexuelles subies d\u00e8s l\u00a0\u00bbenfance, les non-dits familiaux qui ont<br \/>\nsuivi, et l\u2019impact profond de ces agressions sur son quotidien.<br \/>\nElle revient aussi sur le r\u00f4le crucial du mouvement #MeToo, qui lui<br \/>\na permis de sortir de ce qu\u2019elle nomme son \u00ab anesth\u00e9sie \u00bb,<br \/>\ncomme elle le confiait dans une interview accord\u00e9e \u00e0<br \/>\nLib\u00e9ration en avril. Cette prise de parole s\u2019inscrit dans<br \/>\nune d\u00e9marche militante plus large. D\u00e9j\u00e0 tr\u00e8s remont\u00e9e contre le \u00ab<br \/>\nsilence assourdissant \u00bb du monde du cin\u00e9ma lors de la mise<br \/>\nen examen de <strong>G\u00e9rard Depardieu<\/strong>, l\u2019artiste se<br \/>\npositionne aujourd\u2019hui comme une figure engag\u00e9e contre le sexisme<br \/>\net la p\u00e9docriminalit\u00e9, refusant que ces sujets restent rel\u00e9gu\u00e9s<br \/>\ndans l\u2019ombre.<\/p>\n<p>Anouk Grinberg, de traumatismes en traumatismes<\/p>\n<p>Anouk Grinberg refuse d\u00e9sormais de garder le silence sur<br \/>\n<a href=\"https:\/\/www.melty.fr\/people\/bilal-hassani-victime-dun-viol-il-lance-un-tacle-a-son-agresseur-il-ma-viole-2222972.html\" target=\"_blank\" rel=\"noopener\"><br \/>\nles violences subies<\/a>. Elle d\u00e9crit \u00ab\u00a0un tombeau\u00a0\u00bb dans<br \/>\nlequel elle aurait \u00e9t\u00e9 enferm\u00e9e vivante, illustrant ainsi le poids<br \/>\nde l\u2019omerta familiale. Alors qu\u2019elle tente de se reconstruire, elle<br \/>\nconfie avoir longtemps \u00e9cras\u00e9 ses souvenirs pour donner l\u2019illusion<br \/>\nd\u2019\u00eatre \u00ab\u00a0la femme la plus lib\u00e9r\u00e9e de la Terre\u00a0\u00bb. Mais cette<br \/>\npetite mort int\u00e9rieure, <strong>n\u00e9e d\u2019un traumatisme jamais<br \/>\nreconnu<\/strong>, l\u2019a suivie dans toutes ses relations. Elle<br \/>\nraconte aussi une sc\u00e8ne incestueuse avec son fr\u00e8re a\u00een\u00e9 \u00e0 l\u2019\u00e2ge de<br \/>\n12 ans, sous le regard de leur p\u00e8re, qui ne r\u00e9agit pas et \u00e9voquera<br \/>\nplus tard nombreuses d\u00e9clarations. \u00ab\u00a0C\u2019\u00e9tait comme si je montais<br \/>\nune marche suppl\u00e9mentaire dans l\u2019omnipr\u00e9sence du sexe\u00a0\u00bb,<br \/>\nt\u00e9moignait-t-elle dans Lib\u00e9ration.<\/p>\n<p>Avant ce drame, <strong>la native d&rsquo;Uccle<\/strong> avait d\u00e9j\u00e0<br \/>\nv\u00e9cu une premi\u00e8re agression \u00e0 7 ans, perp\u00e9tr\u00e9e par le beau-p\u00e8re de<br \/>\nsa meilleure amie pendant qu\u2019ils regardaient un film. La violence<br \/>\nde l\u2019acte l\u2019avait fig\u00e9e dans un silence total. \u00ab\u00a0Pas un son<br \/>\nn\u2019est sorti de moi, mon corps, mon \u00e2me, tout \u00e9tait mort\u00a0\u00bb,<br \/>\nconfie-t-elle, pr\u00e9cisant que son immobilit\u00e9 a peut-\u00eatre \u00e9t\u00e9 per\u00e7ue<br \/>\n\u00e0 tort comme un consentement. <strong>Elle d\u00e9nonce cette g\u00e9n\u00e9ration<br \/>\nd\u2019hommes convaincus que les enfants \u00e9taient d\u00e9j\u00e0<br \/>\nsexualis\u00e9s<\/strong>, s\u2019en servant comme alibi \u00e0 leur pr\u00e9dation.<br \/>\nCadette d\u2019une fratrie de quatre, n\u00e9e dans un milieu ais\u00e9 mais sans<br \/>\naffection, Anouk Grinberg grandit entre le rejet et le non-dit,<br \/>\ndans l\u2019ombre d\u2019un avortement manqu\u00e9, d\u2019une m\u00e8re en d\u00e9pression et<br \/>\nd\u2019un p\u00e8re c\u00e9l\u00e8bre mais mutique.<\/p>\n<p>Charlotte Gainsbourg, une autre victime ?<\/p>\n<p>Anouk Grinberg a \u00e9galement \u00e9t\u00e9 victime de comportements<br \/>\ninacceptables de la part de certains r\u00e9alisateurs, \u00e0 l&rsquo;instar de<br \/>\n<strong>Bertrand Blier<\/strong>, son ex compagnon. Selon les<br \/>\ninformations de Closer, la sexag\u00e9naire sait qu\u2019elle n\u2019est<br \/>\npas la seule \u00e0 avoir subi de telles violences sexuelles dans cet<br \/>\nunivers. Dans Le nouvel Obs, elle revient sur une sc\u00e8ne<br \/>\nchoquante qui continue de la hanter, <a href=\"https:\/\/www.closermag.fr\/people\/charlotte-gainsbourg-lecher-les-cette-scene-immonde-qui-ne-quittera-jamais-lesprit-danouk-grinberg-3534562\" target=\"_blank\" rel=\"nofollow noopener\">impliquant Charlotte<br \/>\nGainsbourg<\/a>. \u00ab\u00a0De m\u00eame dans Merci la vie, il y a cette sc\u00e8ne<br \/>\no\u00f9 Charlotte Gainsbourg est assise sur les genoux d\u2019<strong>un<br \/>\nhorrible monsieur qui se vante de l\u00e9cher les &lsquo;minous&rsquo; des<br \/>\nenfants<\/strong>\u00ab\u00a0, se rappelle-t-elle avec \u00e9motion.<\/p>\n<p>Avec le recul, l&rsquo;actrice de 62 ans exprime son regret de ne pas<br \/>\navoir alors mesur\u00e9 la gravit\u00e9 et l\u2019impact de ce type de sc\u00e8nes.<br \/>\n\u00ab\u00a0Blier n\u2019a \u00e9videmment pas fait cette sc\u00e8ne pour d\u00e9noncer quoi<br \/>\nque ce soit. Mais moi, en ce temps-l\u00e0, je ne m\u2019en rendais pas<br \/>\ncompte\u00a0\u00bb, confiait-t-elle, soulignant combien la prise de<br \/>\nconscience est venue tardivement. Ce t\u00e9moignage met en lumi\u00e8re<br \/>\n<strong>les non-dits et les violences<\/strong> qui ont longtemps<br \/>\npersist\u00e9 dans l\u2019industrie du cin\u00e9ma.<\/p>\n<p>Anouk Grinberg face \u00e0 l\u2019affaire<br \/>\nDepardieu<\/p>\n<p>Invit\u00e9e il y a quelques mois dans un \u00ab\u00a0Parlons-en\u00a0\u00bb,<br \/>\nAnouk Grinberg a r\u00e9agi au <a href=\"https:\/\/www.melty.fr\/people\/decheance-pour-gerard-depardieu-lacteur-avait-eu-tort-de-poursuivre-les-quatre-journaux-sur-une-nouvelle-defaite-judiciaire-2240193.html\" target=\"_blank\" rel=\"noopener\"><br \/>\njugement rendu contre G\u00e9rard Depardieu<\/a>. Pour elle, celui qu\u2019on<br \/>\nappelait autrefois un \u00ab\u00a0monstre sacr\u00e9\u00a0\u00bb est d\u00e9sormais un<br \/>\n\u00ab\u00a0monstre tout court\u00a0\u00bb. Elle salue cette <strong>d\u00e9cision<br \/>\njudiciaire<\/strong> qu\u2019elle voit comme un tournant d\u00e9cisif. \u00ab\u00a0Le<br \/>\njugement \u00e0 l\u2019encontre de Depardieu signe la fin de<br \/>\nl\u2019impunit\u00e9\u00a0\u00bb, affirme-t-elle, avant de souligner l\u2019importance<br \/>\nd\u2019une v\u00e9ritable \u00ab\u00a0<strong>prise de<br \/>\nconscience<\/strong>\u00ab\u00a0.<\/p>\n<p>Elle-m\u00eame marqu\u00e9e par des agressions dans son pass\u00e9, l\u2019actrice<br \/>\nestime que l&rsquo;acteur vit dans un \u00ab\u00a0profond d\u00e9ni\u00a0\u00bb. Elle<br \/>\nsouhaite qu\u2019il puisse un jour retrouver une part de sinc\u00e9rit\u00e9 et<br \/>\nd\u2019humanit\u00e9, afin qu\u2019il puisse reconna\u00eetre ses actes. \u00ab\u00a0G\u00e9rard<br \/>\nDepardieu m\u00e9rite de se reconnecter avec ce qu\u2019il a d\u2019humain et<br \/>\nd\u2019honn\u00eate en lui\u00a0\u00bb, dit-elle, dans l\u2019espoir qu\u2019il finisse par<br \/>\n<strong>faire amende honorable aupr\u00e8s de ses victimes<\/strong>.<br \/>\nPour Anouk Grinberg, cette \u00e9tape repr\u00e9sente un aboutissement<br \/>\npersonnel dans un combat qu\u2019elle m\u00e8ne depuis longtemps.<\/p>\n","protected":false},"excerpt":{"rendered":"Dans son ouvrage Respect, Anouk Grinberg brise le tabou en \u00e9voquant les violences sexuelles subies d\u00e8s l\u00a0\u00bbenfance, les&hellip;\n","protected":false},"author":2,"featured_media":254899,"comment_status":"","ping_status":"","sticky":false,"template":"","format":"standard","meta":{"footnotes":""},"categories":[1359],"tags":[10498,58,59,1011,27,302,973],"class_list":{"0":"post-254898","1":"post","2":"type-post","3":"status-publish","4":"format-standard","5":"has-post-thumbnail","7":"category-people","8":"tag-charlotte-gainsbourg","9":"tag-divertissement","10":"tag-entertainment","11":"tag-fr","12":"tag-france","13":"tag-gerard-depardieu","14":"tag-people"},"share_on_mastodon":{"url":"https:\/\/pubeurope.com\/@fr\/114870823240600884","error":""},"_links":{"self":[{"href":"https:\/\/www.europesays.com\/fr\/wp-json\/wp\/v2\/posts\/254898","targetHints":{"allow":["GET"]}}],"collection":[{"href":"https:\/\/www.europesays.com\/fr\/wp-json\/wp\/v2\/posts"}],"about":[{"href":"https:\/\/www.europesays.com\/fr\/wp-json\/wp\/v2\/types\/post"}],"author":[{"embeddable":true,"href":"https:\/\/www.europesays.com\/fr\/wp-json\/wp\/v2\/users\/2"}],"replies":[{"embeddable":true,"href":"https:\/\/www.europesays.com\/fr\/wp-json\/wp\/v2\/comments?post=254898"}],"version-history":[{"count":0,"href":"https:\/\/www.europesays.com\/fr\/wp-json\/wp\/v2\/posts\/254898\/revisions"}],"wp:featuredmedia":[{"embeddable":true,"href":"https:\/\/www.europesays.com\/fr\/wp-json\/wp\/v2\/media\/254899"}],"wp:attachment":[{"href":"https:\/\/www.europesays.com\/fr\/wp-json\/wp\/v2\/media?parent=254898"}],"wp:term":[{"taxonomy":"category","embeddable":true,"href":"https:\/\/www.europesays.com\/fr\/wp-json\/wp\/v2\/categories?post=254898"},{"taxonomy":"post_tag","embeddable":true,"href":"https:\/\/www.europesays.com\/fr\/wp-json\/wp\/v2\/tags?post=254898"}],"curies":[{"name":"wp","href":"https:\/\/api.w.org\/{rel}","templated":true}]}}