{"id":254908,"date":"2025-07-17T22:06:10","date_gmt":"2025-07-17T22:06:10","guid":{"rendered":"https:\/\/www.europesays.com\/fr\/254908\/"},"modified":"2025-07-17T22:06:10","modified_gmt":"2025-07-17T22:06:10","slug":"un-medecin-preoccupe-par-la-hausse-des-cancers-du-colon-met-en-garde-contre-cet-aliment","status":"publish","type":"post","link":"https:\/\/www.europesays.com\/fr\/254908\/","title":{"rendered":"un m\u00e9decin pr\u00e9occup\u00e9 par la hausse des cancers du c\u00f4lon met en garde contre cet aliment"},"content":{"rendered":"<p>Le cancer colorectal est aujourd\u2019hui en forte progression chez les moins de 50 ans, sans qu\u2019on en comprenne encore parfaitement les raisons. Pour le docteur Neelendu Dey, gastro-ent\u00e9rologue et professeur associ\u00e9 au Fred Hutchinson Cancer Center \u00e0 Seattle, une piste majeure pourrait bien se situer dans nos intestins. Son laboratoire \u00e9tudie en effet le lien entre les milliards de microbes qui colonisent le c\u00f4lon et le risque de d\u00e9velopper des polypes pr\u00e9canc\u00e9reux, voire un cancer. \u00ab Je ne veux pas laisser entendre que les microbes sont la seule cause du probl\u00e8me. Mais nous savons qu\u2019il existe des corr\u00e9lations significatives entre la quantit\u00e9 de microbes pr\u00e9sents et le cancer \u00bb, confie-t-il \u00e0 Business Insider. En clair, plus notre microbiome intestinal est diversifi\u00e9, plus il serait protecteur, non seulement contre le cancer colorectal, mais aussi contre d&rsquo;autres maladies chroniques comme le diab\u00e8te de type 2, l\u2019ob\u00e9sit\u00e9 ou la d\u00e9pression. Pour agir \u00e0 son niveau, ce chercheur de 45 ans applique les r\u00e8gles qu\u2019il \u00e9tudie. Voici ses trois piliers quotidiens pour prendre soin de sa flore intestinale.<\/p>\n<ol class=\"caas-list\">\n<li><strong> Des fibres \u00e0 chaque repas<\/strong><\/li>\n<\/ol>\n<p>Premier r\u00e9flexe adopt\u00e9 par le docteur Dey : int\u00e9grer des fibres \u00e0 tous ses repas. L\u2019objectif ? Nourrir les \u00ab bonnes \u00bb bact\u00e9ries de l\u2019intestin, qui en sont friandes. Ces fibres sont pr\u00e9sentes dans les aliments v\u00e9g\u00e9taux comme les fruits, les l\u00e9gumes, les l\u00e9gumineuses, les c\u00e9r\u00e9ales compl\u00e8tes, les noix ou encore (&#8230;)<\/p>\n<p><a href=\"https:\/\/www.topsante.com\/medecine\/cancers\/je-prefere-manger-une-pomme-plutot-quune-un-medecin-preoccupe-par-la-hausse-des-cancers-du-colon-met-en-garde-contre-cet-aliment-921221?utm_campaign=partenariat&amp;utm_source=yahoo-articles&amp;utm_medium=flux\" rel=\"nofollow noopener\" target=\"_blank\" data-ylk=\"slk:Lire la suite sur Top Sant\u00e9;elm:context_link;itc:0;sec:content-canvas\" class=\"link \">Lire la suite sur Top Sant\u00e9<\/a><\/p>\n<p><a href=\"https:\/\/www.topsante.com\/medecine\/cancers\/cancer_colorectal\/les-experts-identifient-la-raison-de-laugmentation-considerable-des-cas-de-cancer-de-lintestin-et-du-colon-chez-les-jeunes-921214?utm_campaign=partenariat&amp;utm_source=yahoo-articles&amp;utm_medium=flux\" rel=\"nofollow noopener\" target=\"_blank\" data-ylk=\"slk:Les experts identifient la raison de l&#039;augmentation consid\u00e9rable des cas de cancer de l&#039;intestin et du c\u00f4lon chez les jeunes;elm:context_link;itc:0;sec:content-canvas\" class=\"link \">Les experts identifient la raison de l&rsquo;augmentation consid\u00e9rable des cas de cancer de l&rsquo;intestin et du c\u00f4lon chez les jeunes<\/a><br \/><a href=\"https:\/\/www.topsante.com\/medecine\/maladies_chroniques\/ce-signe-discret-au-niveau-des-pieds-pourrait-indiquer-que-vous-souffrez-dun-diabete-alerte-un-expert-921220?utm_campaign=partenariat&amp;utm_source=yahoo-articles&amp;utm_medium=flux\" rel=\"nofollow noopener\" target=\"_blank\" data-ylk=\"slk:Ce signe discret au niveau des pieds pourrait indiquer que vous souffrez d&#039;un diab\u00e8te, alerte un expert;elm:context_link;itc:0;sec:content-canvas\" class=\"link \">Ce signe discret au niveau des pieds pourrait indiquer que vous souffrez d&rsquo;un diab\u00e8te, alerte un expert<\/a><br \/><a href=\"https:\/\/www.topsante.com\/nutrition_et_recettes\/bien_choisir_ses_aliments\/4-aliments-qui-vous-pensez-riches-en-glucides-mais-qui-ne-le-sont-pas-921205?utm_campaign=partenariat&amp;utm_source=yahoo-articles&amp;utm_medium=flux\" rel=\"nofollow noopener\" target=\"_blank\" data-ylk=\"slk:4 aliments qui vous pensez riches en glucides mais qui ne le sont pas;elm:context_link;itc:0;sec:content-canvas\" class=\"link \">4 aliments qui vous pensez riches en glucides mais qui ne le sont pas<\/a><br \/><a href=\"https:\/\/www.topsante.com\/medecine\/maladies_neurologiques\/alzheimer\/vous-prenez-ce-traitement-antidouleur-il-pourrait-avoir-des-effets-indesirables-sur-la-memoire-921187?utm_campaign=partenariat&amp;utm_source=yahoo-articles&amp;utm_medium=flux\" rel=\"nofollow noopener\" target=\"_blank\" data-ylk=\"slk:Vous prenez ce traitement antidouleur ? Il pourrait avoir des effets ind\u00e9sirables sur la m\u00e9moire;elm:context_link;itc:0;sec:content-canvas\" class=\"link \">Vous prenez ce traitement antidouleur ? Il pourrait avoir des effets ind\u00e9sirables sur la m\u00e9moire<\/a><br \/><a href=\"https:\/\/www.topsante.com\/medecine\/maladies_neurologiques\/parkinson\/jai-detecte-la-maladie-de-parkinson-chez-mon-mari-grace-a-un-symptome-apparu-au-niveau-de-la-nuque-921193?utm_campaign=partenariat&amp;utm_source=yahoo-articles&amp;utm_medium=flux\" rel=\"nofollow noopener\" target=\"_blank\" data-ylk=\"slk:\u201cJ\u2019ai d\u00e9tect\u00e9 la maladie de Parkinson chez mon mari gr\u00e2ce \u00e0 un sympt\u00f4me apparu au niveau de la nuque\u201d;elm:context_link;itc:0;sec:content-canvas\" class=\"link \">\u201cJ\u2019ai d\u00e9tect\u00e9 la maladie de Parkinson chez mon mari gr\u00e2ce \u00e0 un sympt\u00f4me apparu au niveau de la nuque\u201d<\/a><\/p>\n","protected":false},"excerpt":{"rendered":"Le cancer colorectal est aujourd\u2019hui en forte progression chez les moins de 50 ans, sans qu\u2019on en comprenne&hellip;\n","protected":false},"author":2,"featured_media":254909,"comment_status":"","ping_status":"","sticky":false,"template":"","format":"standard","meta":{"footnotes":""},"categories":[10],"tags":[14845,1011,27,39516,72,71],"class_list":{"0":"post-254908","1":"post","2":"type-post","3":"status-publish","4":"format-standard","5":"has-post-thumbnail","7":"category-sante","8":"tag-cancer-colorectal","9":"tag-fr","10":"tag-france","11":"tag-fred-hutchinson-cancer-center","12":"tag-health","13":"tag-sante"},"share_on_mastodon":{"url":"","error":""},"_links":{"self":[{"href":"https:\/\/www.europesays.com\/fr\/wp-json\/wp\/v2\/posts\/254908","targetHints":{"allow":["GET"]}}],"collection":[{"href":"https:\/\/www.europesays.com\/fr\/wp-json\/wp\/v2\/posts"}],"about":[{"href":"https:\/\/www.europesays.com\/fr\/wp-json\/wp\/v2\/types\/post"}],"author":[{"embeddable":true,"href":"https:\/\/www.europesays.com\/fr\/wp-json\/wp\/v2\/users\/2"}],"replies":[{"embeddable":true,"href":"https:\/\/www.europesays.com\/fr\/wp-json\/wp\/v2\/comments?post=254908"}],"version-history":[{"count":0,"href":"https:\/\/www.europesays.com\/fr\/wp-json\/wp\/v2\/posts\/254908\/revisions"}],"wp:featuredmedia":[{"embeddable":true,"href":"https:\/\/www.europesays.com\/fr\/wp-json\/wp\/v2\/media\/254909"}],"wp:attachment":[{"href":"https:\/\/www.europesays.com\/fr\/wp-json\/wp\/v2\/media?parent=254908"}],"wp:term":[{"taxonomy":"category","embeddable":true,"href":"https:\/\/www.europesays.com\/fr\/wp-json\/wp\/v2\/categories?post=254908"},{"taxonomy":"post_tag","embeddable":true,"href":"https:\/\/www.europesays.com\/fr\/wp-json\/wp\/v2\/tags?post=254908"}],"curies":[{"name":"wp","href":"https:\/\/api.w.org\/{rel}","templated":true}]}}