{"id":254918,"date":"2025-07-17T22:11:11","date_gmt":"2025-07-17T22:11:11","guid":{"rendered":"https:\/\/www.europesays.com\/fr\/254918\/"},"modified":"2025-07-17T22:11:11","modified_gmt":"2025-07-17T22:11:11","slug":"les-chevilles-enflees-de-donald-trump-apercues-a-la-coupe-du-monde-des-clubs-dues-a-une-insuffisance-veineuse-liberation","status":"publish","type":"post","link":"https:\/\/www.europesays.com\/fr\/254918\/","title":{"rendered":"Les chevilles enfl\u00e9es de Donald Trump, aper\u00e7ues \u00e0 la Coupe du monde des clubs, dues \u00e0 une insuffisance veineuse \u2013 Lib\u00e9ration"},"content":{"rendered":"<p class=\"sc-ksZaOG ehjQrN text-element\">Ses chevilles ont fait, ces derniers jours, le tour des r\u00e9seaux sociaux. Qu\u2019ont donc les jambes de Donald Trump ? Vient l\u2019explication m\u00e9dicale : le pr\u00e9sident am\u00e9ricain souffre d\u2019une insuffisance veineuse chronique, annonce la Maison Blanche ce jeudi 17 juillet.<\/p>\n<blockquote class=\"twitter-tweet\">\n<p lang=\"en\" dir=\"ltr\">Shhhh. We&rsquo;re not supposed to notice Trump&rsquo;s massively swollen, edema-ridden ankles; his droopy jowls; his bulging diaper; his bi-lateral leg braces; and the contract-wife who loathes him. <a href=\"https:\/\/t.co\/PlpkMh96QP\" rel=\"nofollow\">pic.twitter.com\/PlpkMh96QP<\/a><\/p>\n<p>\u2014 Jacques (@JMahoffer) <a href=\"https:\/\/twitter.com\/JMahoffer\/status\/1944696099807060023?ref_src=twsrc%5Etfw\" rel=\"nofollow noopener\" target=\"_blank\">July 14, 2025<\/a><\/p><\/blockquote>\n<blockquote class=\"twitter-tweet\">\n<p lang=\"en\" dir=\"ltr\">\ud83d\udea8GROK DETECTS POSSIBLE LIFE-THREATENING EDEMA IN PRESIDENT TRUMP<\/p>\n<p>Swollen hands. Puffy ankles. Thin, wrinkled skin.<\/p>\n<p>The latest version of Grok can analyze visual patterns in photos, and it\u2019s flagging classic signs of edema, a fluid buildup linked to heart failure in over 60% of\u2026 <a href=\"https:\/\/t.co\/2imnaNJs9S\" rel=\"nofollow\">pic.twitter.com\/2imnaNJs9S<\/a><\/p>\n<p>\u2014 HustleBitch (@HustleBitch_) <a href=\"https:\/\/twitter.com\/HustleBitch_\/status\/1945291227701674136?ref_src=twsrc%5Etfw\" rel=\"nofollow noopener\" target=\"_blank\">July 16, 2025<\/a><\/p><\/blockquote>\n<p class=\"sc-ksZaOG ehjQrN text-element\">Des examens \u00abapprofondis\u00bb ont permis d\u2019\u00e9tablir qu\u2019il s\u2019agissait d\u2019une accumulation de sang dans ses membres inf\u00e9rieurs. La porte-parole de la Maison Blanche, Karoline Leavitt, a tout de m\u00eame tenu \u00e0 qualifier cette affection de \u00abb\u00e9nigne et courante, particuli\u00e8rement chez les individus de plus de 70 ans\u00bb \u2013 <a href=\"https:\/\/www.liberation.fr\/international\/amerique\/mode-de-vie-actif-frequentes-victoires-au-golf-trump-en-excellente-sante-selon-son-bulletin-medical-20250413_W72XIOMKGRAONI2WHNG3W5EEAY\/\" target=\"_blank\" rel=\"nofollow noopener\" title=\"https:\/\/www.liberation.fr\/international\/amerique\/mode-de-vie-actif-frequentes-victoires-au-golf-trump-en-excellente-sante-selon-son-bulletin-medical-20250413_W72XIOMKGRAONI2WHNG3W5EEAY\/\">Trump en a 79<\/a>. Aucune indication de \u00abthrombose veineuse profonde ou de maladie art\u00e9rielle\u00bb, pathologie plus grave, n\u2019a \u00e9t\u00e9 d\u00e9couverte.<\/p>\n<p class=\"sc-ksZaOG ehjQrN text-element\">Tous les r\u00e9sultats des examens \u00ab\u00e9taient dans les normes\u00bb, et \u00able Pr\u00e9sident demeure en excellente sant\u00e9\u00bb, a ajout\u00e9 la porte-parole. La question n\u2019est pas si anodine : depuis la <a href=\"https:\/\/www.liberation.fr\/international\/amerique\/jai-pris-toutes-les-decisions-en-conscience-joe-biden-rejette-les-accusations-trumpistes-sur-sa-sante-mentale-20250714_UCPKHCPHFJEFRDNFMGJRQTO22U\/\" target=\"_blank\" rel=\"nofollow noopener\" title=\"https:\/\/www.liberation.fr\/international\/amerique\/jai-pris-toutes-les-decisions-en-conscience-joe-biden-rejette-les-accusations-trumpistes-sur-sa-sante-mentale-20250714_UCPKHCPHFJEFRDNFMGJRQTO22U\/\">fin de la pr\u00e9sidence de Joe Biden<\/a>, la sant\u00e9 des locataires de la Maison Blanche est particuli\u00e8rement scrut\u00e9e. Le d\u00e9mocrate, qui a quitt\u00e9 le pouvoir \u00e0 81 ans, a d\u2019ailleurs \u00e9t\u00e9 diagnostiqu\u00e9 <a href=\"https:\/\/www.liberation.fr\/international\/amerique\/etats-unis-joe-biden-atteint-dune-forme-agressive-du-cancer-de-la-prostate-20250518_G2YFDMSXRJE3LKQBXFQUTBR7ZM\/\" target=\"_blank\" rel=\"nofollow noopener\" title=\"https:\/\/www.liberation.fr\/international\/amerique\/etats-unis-joe-biden-atteint-dune-forme-agressive-du-cancer-de-la-prostate-20250518_G2YFDMSXRJE3LKQBXFQUTBR7ZM\/\">d\u2019un cancer de la prostate<\/a> en mai. Et Donald Trump \u00e9tant le plus vieux pr\u00e9sident jamais \u00e9lu\u2026<\/p>\n<p class=\"sc-ksZaOG ehjQrN text-element\">Toujours est-il que les \u00abl\u00e9gers gonflements dans le bas de ses jambes\u00bb ont \u00e9t\u00e9 particuli\u00e8rement remarqu\u00e9s, notamment lors de la <a href=\"https:\/\/www.liberation.fr\/sports\/football\/coupe-du-monde-des-clubs-le-paris-sg-coule-contre-le-fc-chelsea-20250713_ZS3LRZ3RR5BWZFTHSRV7KGJKPM\/\" target=\"_blank\" rel=\"nofollow noopener\" title=\"https:\/\/www.liberation.fr\/sports\/football\/coupe-du-monde-des-clubs-le-paris-sg-coule-contre-le-fc-chelsea-20250713_ZS3LRZ3RR5BWZFTHSRV7KGJKPM\/\">finale de la Coupe du monde des clubs<\/a>, dimanche \u2013 ses grosses chaussettes bleu marine n\u2019auront pas r\u00e9ussi \u00e0 les dissimuler. Et Jimmy Fallon, le pr\u00e9sentateur vedette du Tonight Show (c\u00e9l\u00e8bre \u00e9mission m\u00ealant actualit\u00e9 et humour), n\u2019a pas r\u00e9sist\u00e9 \u00e0 une petite r\u00e9f\u00e9rence : \u00abTrump clame ne jamais avoir mis un pied <a href=\"https:\/\/www.liberation.fr\/international\/amerique\/aux-etats-unis-donald-trump-sembourbe-dans-le-piege-de-laffaire-epstein-20250716_DIKDNNQ23NARXAI6ZW2XFG74NA\/\" target=\"_blank\" rel=\"nofollow noopener\" title=\"https:\/\/www.liberation.fr\/international\/amerique\/aux-etats-unis-donald-trump-sembourbe-dans-le-piege-de-laffaire-epstein-20250716_DIKDNNQ23NARXAI6ZW2XFG74NA\/\">sur l\u2019\u00eele d\u2019Epstein<\/a>, mais est-ce que ses cankles [chevilles gonfl\u00e9es, ndlr] l\u2019ont \u00e9t\u00e9 ?\u00bb<\/p>\n<p class=\"sc-ksZaOG ehjQrN text-element\">Selon Karoline Leavitt, les ecchymoses du r\u00e9publicain \u2013 les internautes s\u2019appuyaient aussi sur des photos montrant les veines gonfl\u00e9es et tachet\u00e9es de bleu de ses mains \u2013 sont la cons\u00e9quence \u00abdes fr\u00e9quents serrages de main\u00bb et de sa prise d\u2019aspirine \u00abdans le cadre d\u2019un r\u00e9gime pr\u00e9ventif cardiovasculaire standard\u00bb.<\/p>\n<p><script async src=\"https:\/\/platform.twitter.com\/widgets.js\" charset=\"utf-8\"><\/script><\/p>\n","protected":false},"excerpt":{"rendered":"Ses chevilles ont fait, ces derniers jours, le tour des r\u00e9seaux sociaux. Qu\u2019ont donc les jambes de Donald&hellip;\n","protected":false},"author":2,"featured_media":254919,"comment_status":"","ping_status":"","sticky":false,"template":"","format":"standard","meta":{"footnotes":""},"categories":[5],"tags":[11,75,73,1011,27,14,12,28],"class_list":{"0":"post-254918","1":"post","2":"type-post","3":"status-publish","4":"format-standard","5":"has-post-thumbnail","7":"category-international","8":"tag-actualites","9":"tag-donald-trump","10":"tag-etats-unis","11":"tag-fr","12":"tag-france","13":"tag-international","14":"tag-news","15":"tag-world"},"share_on_mastodon":{"url":"https:\/\/pubeurope.com\/@fr\/114870870602001664","error":""},"_links":{"self":[{"href":"https:\/\/www.europesays.com\/fr\/wp-json\/wp\/v2\/posts\/254918","targetHints":{"allow":["GET"]}}],"collection":[{"href":"https:\/\/www.europesays.com\/fr\/wp-json\/wp\/v2\/posts"}],"about":[{"href":"https:\/\/www.europesays.com\/fr\/wp-json\/wp\/v2\/types\/post"}],"author":[{"embeddable":true,"href":"https:\/\/www.europesays.com\/fr\/wp-json\/wp\/v2\/users\/2"}],"replies":[{"embeddable":true,"href":"https:\/\/www.europesays.com\/fr\/wp-json\/wp\/v2\/comments?post=254918"}],"version-history":[{"count":0,"href":"https:\/\/www.europesays.com\/fr\/wp-json\/wp\/v2\/posts\/254918\/revisions"}],"wp:featuredmedia":[{"embeddable":true,"href":"https:\/\/www.europesays.com\/fr\/wp-json\/wp\/v2\/media\/254919"}],"wp:attachment":[{"href":"https:\/\/www.europesays.com\/fr\/wp-json\/wp\/v2\/media?parent=254918"}],"wp:term":[{"taxonomy":"category","embeddable":true,"href":"https:\/\/www.europesays.com\/fr\/wp-json\/wp\/v2\/categories?post=254918"},{"taxonomy":"post_tag","embeddable":true,"href":"https:\/\/www.europesays.com\/fr\/wp-json\/wp\/v2\/tags?post=254918"}],"curies":[{"name":"wp","href":"https:\/\/api.w.org\/{rel}","templated":true}]}}