{"id":254920,"date":"2025-07-17T22:12:13","date_gmt":"2025-07-17T22:12:13","guid":{"rendered":"https:\/\/www.europesays.com\/fr\/254920\/"},"modified":"2025-07-17T22:12:13","modified_gmt":"2025-07-17T22:12:13","slug":"la-foret-de-broceliande-touchee-par-un-incendie-important-200-pompiers-mobilises","status":"publish","type":"post","link":"https:\/\/www.europesays.com\/fr\/254920\/","title":{"rendered":"La for\u00eat de Broc\u00e9liande touch\u00e9e par un incendie important, 200 pompiers mobilis\u00e9s"},"content":{"rendered":"<p>        <img decoding=\"async\" loading=\"lazy\" src=\"https:\/\/www.europesays.com\/fr\/wp-content\/uploads\/2025\/07\/74b7bbe_upload-1-zoldxkxcvkgf-000-674869b.jpg\"  width=\"728\" height=\"409\" alt=\"La for\u00eat de Broc\u00e9liande a \u00e9t\u00e9 touch\u00e9e, ce jeudi 17\u00a0juillet, par un incendie important, 200\u00a0pompiers mobilis\u00e9s.\"\/>  <\/p>\n<p>DAMIEN MEYER \/ AFP<\/p>\n<p>La for\u00eat de Broc\u00e9liande a \u00e9t\u00e9 touch\u00e9e, ce jeudi 17\u00a0juillet, par un incendie important, 200\u00a0pompiers mobilis\u00e9s.<\/p>\n<p class=\"asset asset-text\">FEUX &#8211; Le massif forestier\u00a0de <a href=\"https:\/\/www.huffingtonpost.fr\/environnement\/article\/dans-la-foret-de-broceliande-l-incendie-contenu-malgre-des-reprises-dans-la-nuit_206541.html\" rel=\"nofollow noopener\" target=\"_blank\">Paimpont-Broc\u00e9liande<\/a> subit de plein fouet<a href=\"https:\/\/www.huffingtonpost.fr\/environnement\/article\/tempete-ciaran-incendies-broceliande-illustre-le-casse-tete-d-adapter-les-forets-au-changement-climatique-clx1_225400.html\" rel=\"nofollow noopener\" target=\"_blank\"> les incendies et les temp\u00eates<\/a> ces derni\u00e8res ann\u00e9es. Un important feu de for\u00eat s\u2019est d\u00e9clar\u00e9 ce jeudi 17\u00a0juillet apr\u00e8s-midi en for\u00eat de<a href=\"https:\/\/www.huffingtonpost.fr\/divertissement\/article\/broceliande-sur-tf1-avec-nolwenn-leroy-devance-encore-l-amour-est-dans-le-pre-sur-m6_240016.html\" rel=\"nofollow noopener\" target=\"_blank\">\u00a0Broc\u00e9liande<\/a>\u00a0\u00e0 l\u2019ouest de Rennes, o\u00f9 une centaine d\u2019hectares de v\u00e9g\u00e9tation avaient br\u00fbl\u00e9 en fin d\u2019apr\u00e8s-midi, a indiqu\u00e9 la pr\u00e9fecture du Morbihan.<\/p>\n<p class=\"asset asset-text\">Le feu est d\u00e9sormais circonscrit, a annonc\u00e9 le commandant des op\u00e9rations de secours Patrice F\u00e9n\u00e9on <a href=\"https:\/\/www.francebleu.fr\/infos\/faits-divers-justice\/un-important-incendie-en-foret-de-paimpont-dans-le-morbihan-et-en-ille-et-vilaine-7088680\" target=\"_blank\" rel=\"noopener nofollow\" title=\"Nouvelle fen\u00eatre\">au micro d\u2019ICI Armorique<\/a>.<\/p>\n<p class=\"asset asset-text\">Le feu s\u2019est d\u00e9clar\u00e9 vers 16h sur la commune de Tr\u00e9horenteuc, \u00e0 une soixantaine de km \u00e0 l\u2019ouest de Rennes, et continuait de progresser en d\u00e9but de soir\u00e9e. Pr\u00e8s de 200 pompiers du Morbihan et d\u2019Ille-et-Vilaine ont \u00e9t\u00e9 mobilis\u00e9s, selon un communiqu\u00e9 diffus\u00e9 en fin d\u2019apr\u00e8s-midi.<\/p>\n<p class=\"asset asset-text\">\u00ab\u00a0Le feu se propage en direction du Nord\/Nord-Est et est d\u00e9sormais principalement localis\u00e9 dans le d\u00e9partement de l\u2019Ille-et-Vilaine\u00a0\u00bb sur la commune de Paimont, a pr\u00e9cis\u00e9 la pr\u00e9fecture dans un communiqu\u00e9 diffus\u00e9 \u00e0 19\u00a0h 45.<\/p>\n<p class=\"asset asset-text\">\u00ab\u00a0La propagation du feu est facilit\u00e9e par la s\u00e9cheresse de la v\u00e9g\u00e9tation et des vents marqu\u00e9s\u00a0\u00bb, pr\u00e9vient encore la pr\u00e9fecture.<\/p>\n<p>    Tr\u00e8s importants incendies \u00e0 l\u2019\u00e9t\u00e9 2022    <\/p>\n<p class=\"asset asset-text\">Des renforts a\u00e9riens (Air Tractor et Dash 8) ont \u00e9t\u00e9 demand\u00e9s en appui des moyens terrestres et devraient arriver en d\u00e9but de soir\u00e9e, a indiqu\u00e9 une porte-parole.<\/p>\n<p class=\"asset asset-text\">Le p\u00e9licandrome (lieu de ravitaillement en eau ou en produit retardant pour les avions bombardiers d\u2019eau, ndlr) de Vannes Meucon a \u00e9t\u00e9 activ\u00e9, pr\u00e9cisent les autorit\u00e9s.<\/p>\n<p class=\"asset asset-text\">\u00ab\u00a0Aucune habitation n\u2019est menac\u00e9e \u00e0 ce stade\u00a0\u00bb, a de son c\u00f4t\u00e9 assur\u00e9 la pr\u00e9fecture d\u2019Ille-et-Vilaine, \u00e9galement mobilis\u00e9e. Mais plusieurs routes d\u00e9partementales ont \u00e9t\u00e9 coup\u00e9es et il est demand\u00e9 \u00e0 la population d\u2019\u00e9viter le secteur et de faciliter l\u2019acc\u00e8s des secours.<\/p>\n<p class=\"asset asset-text\">La for\u00eat de\u00a0Broc\u00e9liande, tr\u00e8s pris\u00e9e des touristes en cette p\u00e9riode de l\u2019ann\u00e9e, avait connu de tr\u00e8s importants incendies \u00e0 l\u2019\u00e9t\u00e9 2022. L\u2019un d\u2019eux avait parcouru plus de 600 hectares et en avait d\u00e9truit environ 400.<\/p>\n<p class=\"asset asset-text\">Cette for\u00eat, qui s\u2019\u00e9tend sur plus de 9\u00a0000\u00a0ha, est un haut-lieu de la l\u00e9gende arthurienne, \u00e0 cheval sur l\u2019est du Morbihan et le sud-ouest de l\u2019Ille-et-Vilaine.<\/p>\n","protected":false},"excerpt":{"rendered":"DAMIEN MEYER \/ AFP La for\u00eat de Broc\u00e9liande a \u00e9t\u00e9 touch\u00e9e, ce jeudi 17\u00a0juillet, par un incendie important,&hellip;\n","protected":false},"author":2,"featured_media":254921,"comment_status":"","ping_status":"","sticky":false,"template":"","format":"standard","meta":{"footnotes":""},"categories":[4],"tags":[11,829,27571,1011,27,1310,12,584,25],"class_list":{"0":"post-254920","1":"post","2":"type-post","3":"status-publish","4":"format-standard","5":"has-post-thumbnail","7":"category-france","8":"tag-actualites","9":"tag-bretagne","10":"tag-feux-de-foret","11":"tag-fr","12":"tag-france","13":"tag-incendie","14":"tag-news","15":"tag-rennes","16":"tag-republique-francaise"},"share_on_mastodon":{"url":"https:\/\/pubeurope.com\/@fr\/114870874582640898","error":""},"_links":{"self":[{"href":"https:\/\/www.europesays.com\/fr\/wp-json\/wp\/v2\/posts\/254920","targetHints":{"allow":["GET"]}}],"collection":[{"href":"https:\/\/www.europesays.com\/fr\/wp-json\/wp\/v2\/posts"}],"about":[{"href":"https:\/\/www.europesays.com\/fr\/wp-json\/wp\/v2\/types\/post"}],"author":[{"embeddable":true,"href":"https:\/\/www.europesays.com\/fr\/wp-json\/wp\/v2\/users\/2"}],"replies":[{"embeddable":true,"href":"https:\/\/www.europesays.com\/fr\/wp-json\/wp\/v2\/comments?post=254920"}],"version-history":[{"count":0,"href":"https:\/\/www.europesays.com\/fr\/wp-json\/wp\/v2\/posts\/254920\/revisions"}],"wp:featuredmedia":[{"embeddable":true,"href":"https:\/\/www.europesays.com\/fr\/wp-json\/wp\/v2\/media\/254921"}],"wp:attachment":[{"href":"https:\/\/www.europesays.com\/fr\/wp-json\/wp\/v2\/media?parent=254920"}],"wp:term":[{"taxonomy":"category","embeddable":true,"href":"https:\/\/www.europesays.com\/fr\/wp-json\/wp\/v2\/categories?post=254920"},{"taxonomy":"post_tag","embeddable":true,"href":"https:\/\/www.europesays.com\/fr\/wp-json\/wp\/v2\/tags?post=254920"}],"curies":[{"name":"wp","href":"https:\/\/api.w.org\/{rel}","templated":true}]}}