{"id":254924,"date":"2025-07-17T22:14:14","date_gmt":"2025-07-17T22:14:14","guid":{"rendered":"https:\/\/www.europesays.com\/fr\/254924\/"},"modified":"2025-07-17T22:14:14","modified_gmt":"2025-07-17T22:14:14","slug":"en-attendant-dameliorer-le-trafic-les-travaux-de-la-gouyonniere-deboussolent-les-habitues","status":"publish","type":"post","link":"https:\/\/www.europesays.com\/fr\/254924\/","title":{"rendered":"en attendant d\u2019am\u00e9liorer le trafic, les travaux de la Gouyonni\u00e8re d\u00e9boussolent les habitu\u00e9s"},"content":{"rendered":"<p>Claudia vit un enfer depuis le d\u00e9but de l\u2019\u00e9t\u00e9. Cette habitante de Veauche doit se rendre tous les jours \u00e0 Firminy o\u00f9 elle travaille au sein de l\u2019entreprise Clextral, \u00e0 quelques encablures de la gare.<\/p>\n<p>Mais surtout, elle doit rentrer chez elle en fin de journ\u00e9e. Alors qu\u2019elle avait l\u2019habitude d\u2019utiliser l\u2019\u00e9changeur de l\u2019A72 \u00e0 la Gouyonni\u00e8re, elle a fait le choix d\u00e9sormais d\u2019utiliser son GPS. \u00ab Je ne prends jamais le m\u00eame chemin et cela allonge mon parcours de plusieurs minutes \u00bb, comme elle l\u2019explique elle-m\u00eame.<\/p>\n<p>Mais la Veauchoise, qui ne cache pas avoir souvent eu peur quand elle doit attendre sur la bande d\u2019arr\u00eat d\u2019urgence, n\u2019est pas la seule \u00e0 rencontrer des difficult\u00e9s pour circuler \u00e0 cet endroit qui voit passer chaque jour pr\u00e8s de 80 000 v\u00e9hicules.<\/p>\n<p>G\u00e9rard, fringant&#8230;<\/p>\n","protected":false},"excerpt":{"rendered":"Claudia vit un enfer depuis le d\u00e9but de l\u2019\u00e9t\u00e9. Cette habitante de Veauche doit se rendre tous les&hellip;\n","protected":false},"author":2,"featured_media":254925,"comment_status":"","ping_status":"","sticky":false,"template":"","format":"standard","meta":{"footnotes":""},"categories":[9653],"tags":[119,1111,11,17136,2430,3542,7359,1777,674,274,1011,27,3367,12,316,25,4001,17137,104,2803],"class_list":{"0":"post-254924","1":"post","2":"type-post","3":"status-publish","4":"format-standard","5":"has-post-thumbnail","7":"category-saint-etienne","8":"tag-accident","9":"tag-actu","10":"tag-actualites","11":"tag-andrezieux-boutheon","12":"tag-auvergne-rhone-alpes","13":"tag-circulation","14":"tag-edition-loire-centre","15":"tag-eu","16":"tag-europe","17":"tag-faits-divers-justice","18":"tag-fr","19":"tag-france","20":"tag-loire","21":"tag-news","22":"tag-politique","23":"tag-republique-francaise","24":"tag-saint-etienne","25":"tag-saint-galmier-bassin","26":"tag-societe","27":"tag-transport"},"share_on_mastodon":{"url":"https:\/\/pubeurope.com\/@fr\/114870882375589882","error":""},"_links":{"self":[{"href":"https:\/\/www.europesays.com\/fr\/wp-json\/wp\/v2\/posts\/254924","targetHints":{"allow":["GET"]}}],"collection":[{"href":"https:\/\/www.europesays.com\/fr\/wp-json\/wp\/v2\/posts"}],"about":[{"href":"https:\/\/www.europesays.com\/fr\/wp-json\/wp\/v2\/types\/post"}],"author":[{"embeddable":true,"href":"https:\/\/www.europesays.com\/fr\/wp-json\/wp\/v2\/users\/2"}],"replies":[{"embeddable":true,"href":"https:\/\/www.europesays.com\/fr\/wp-json\/wp\/v2\/comments?post=254924"}],"version-history":[{"count":0,"href":"https:\/\/www.europesays.com\/fr\/wp-json\/wp\/v2\/posts\/254924\/revisions"}],"wp:featuredmedia":[{"embeddable":true,"href":"https:\/\/www.europesays.com\/fr\/wp-json\/wp\/v2\/media\/254925"}],"wp:attachment":[{"href":"https:\/\/www.europesays.com\/fr\/wp-json\/wp\/v2\/media?parent=254924"}],"wp:term":[{"taxonomy":"category","embeddable":true,"href":"https:\/\/www.europesays.com\/fr\/wp-json\/wp\/v2\/categories?post=254924"},{"taxonomy":"post_tag","embeddable":true,"href":"https:\/\/www.europesays.com\/fr\/wp-json\/wp\/v2\/tags?post=254924"}],"curies":[{"name":"wp","href":"https:\/\/api.w.org\/{rel}","templated":true}]}}