{"id":254926,"date":"2025-07-17T22:15:13","date_gmt":"2025-07-17T22:15:13","guid":{"rendered":"https:\/\/www.europesays.com\/fr\/254926\/"},"modified":"2025-07-17T22:15:13","modified_gmt":"2025-07-17T22:15:13","slug":"saint-etienne-2026-union-sacree-au-centre-droit-pour-reconquerir-la-mairie","status":"publish","type":"post","link":"https:\/\/www.europesays.com\/fr\/254926\/","title":{"rendered":"SAINT-\u00c9TIENNE 2026 : UNION SACR\u00c9E AU CENTRE-DROIT POUR RECONQU\u00c9RIR LA MAIRIE"},"content":{"rendered":"<p>                <a href=\"https:\/\/cadenceradio.fr\" target=\"_blank\" aria-label=\"Banni\u00e8re Cadence 2025\" rel=\"noopener\"><img loading=\"lazy\" decoding=\"async\" src=\"https:\/\/www.europesays.com\/fr\/wp-content\/uploads\/2025\/07\/Banniere-Cadence-2025-scaled.jpg\" alt=\"\"   width=\"2560\" height=\"738\"\/><\/a><\/p>\n<p>Centre, droite et sociaux-d\u00e9mocrates ont d\u00e9cid\u00e9 d\u2019unir leurs forces sous la banni\u00e8re \u00ab\u00a0Saint-\u00c9tienne Ensemble 2026\u00a0\u00bb pour tenter de reprendre les cl\u00e9s de l\u2019h\u00f4tel de ville. Cette coalition marque un tournant strat\u00e9gique majeur dans le paysage politique local. Plut\u00f4t que de disperser leurs forces en pr\u00e9sentant des candidatures distinctes, les formations du centre-droit ont choisi la voie de la convergence pour maximiser leurs chances face aux autres forces politiques.<\/p>\n<p><strong>Des personnalit\u00e9s pour une ambition commune<\/strong><\/p>\n<p>Le premier casting de cette alliance r\u00e9v\u00e8le la diversit\u00e9 des sensibilit\u00e9s rassembl\u00e9es. Dino Cinieri et Quentin Bataillon, anciens d\u00e9put\u00e9s, apportent leur exp\u00e9rience parlementaire au projet. Emmanuel Mandon, actuel repr\u00e9sentant centriste \u00e0 l\u2019Assembl\u00e9e, compl\u00e8te ce trio de poids lourds nationaux.<\/p>\n<p>L\u2019ancrage local se manifeste \u00e0 travers Alain Berth\u00e9as, pr\u00e9sident d\u00e9partemental du Parti radical, et Zahra Bencharif, qui dirige le Parti radical de gauche dans la Loire et Lionel Boucher repr\u00e9sente l\u2019UDI au niveau d\u00e9partemental.<\/p>\n<p><strong>Enjeu \u00e9lectoral majeur<\/strong><\/p>\n<p>Cette union in\u00e9dite illustre l\u2019importance accord\u00e9e par le centre-droit \u00e0 la reconqu\u00eate de la pr\u00e9fecture lig\u00e9rienne. En mutualisant leurs r\u00e9seaux, leurs comp\u00e9tences et leurs moyens, ces formations esp\u00e8rent cr\u00e9er une dynamique capable de s\u00e9duire l\u2019\u00e9lectorat st\u00e9phanois au-del\u00e0 de leurs bases traditionnelles. L\u2019identification d\u2019un candidat t\u00eate de liste et la d\u00e9finition d\u2019un programme commun constitueront les prochaines \u00e9tapes cruciales de cette alliance qui redessine d\u00e9j\u00e0 la carte \u00e9lectorale municipale.<\/p>\n","protected":false},"excerpt":{"rendered":"Centre, droite et sociaux-d\u00e9mocrates ont d\u00e9cid\u00e9 d\u2019unir leurs forces sous la banni\u00e8re \u00ab\u00a0Saint-\u00c9tienne Ensemble 2026\u00a0\u00bb pour tenter de&hellip;\n","protected":false},"author":2,"featured_media":254927,"comment_status":"","ping_status":"","sticky":false,"template":"","format":"standard","meta":{"footnotes":""},"categories":[9653],"tags":[1111,11,2430,1777,674,1011,27,3367,12,316,25,4001,25381],"class_list":{"0":"post-254926","1":"post","2":"type-post","3":"status-publish","4":"format-standard","5":"has-post-thumbnail","7":"category-saint-etienne","8":"tag-actu","9":"tag-actualites","10":"tag-auvergne-rhone-alpes","11":"tag-eu","12":"tag-europe","13":"tag-fr","14":"tag-france","15":"tag-loire","16":"tag-news","17":"tag-politique","18":"tag-republique-francaise","19":"tag-saint-etienne","20":"tag-saint-etienne-ensemble-2026"},"share_on_mastodon":{"url":"https:\/\/pubeurope.com\/@fr\/114870886357184948","error":""},"_links":{"self":[{"href":"https:\/\/www.europesays.com\/fr\/wp-json\/wp\/v2\/posts\/254926","targetHints":{"allow":["GET"]}}],"collection":[{"href":"https:\/\/www.europesays.com\/fr\/wp-json\/wp\/v2\/posts"}],"about":[{"href":"https:\/\/www.europesays.com\/fr\/wp-json\/wp\/v2\/types\/post"}],"author":[{"embeddable":true,"href":"https:\/\/www.europesays.com\/fr\/wp-json\/wp\/v2\/users\/2"}],"replies":[{"embeddable":true,"href":"https:\/\/www.europesays.com\/fr\/wp-json\/wp\/v2\/comments?post=254926"}],"version-history":[{"count":0,"href":"https:\/\/www.europesays.com\/fr\/wp-json\/wp\/v2\/posts\/254926\/revisions"}],"wp:featuredmedia":[{"embeddable":true,"href":"https:\/\/www.europesays.com\/fr\/wp-json\/wp\/v2\/media\/254927"}],"wp:attachment":[{"href":"https:\/\/www.europesays.com\/fr\/wp-json\/wp\/v2\/media?parent=254926"}],"wp:term":[{"taxonomy":"category","embeddable":true,"href":"https:\/\/www.europesays.com\/fr\/wp-json\/wp\/v2\/categories?post=254926"},{"taxonomy":"post_tag","embeddable":true,"href":"https:\/\/www.europesays.com\/fr\/wp-json\/wp\/v2\/tags?post=254926"}],"curies":[{"name":"wp","href":"https:\/\/api.w.org\/{rel}","templated":true}]}}