{"id":254932,"date":"2025-07-17T22:18:11","date_gmt":"2025-07-17T22:18:11","guid":{"rendered":"https:\/\/www.europesays.com\/fr\/254932\/"},"modified":"2025-07-17T22:18:11","modified_gmt":"2025-07-17T22:18:11","slug":"a-la-seyne-ce-celebre-festival-musical-base-sur-la-nostalgie-programme-aussi-des-comptines","status":"publish","type":"post","link":"https:\/\/www.europesays.com\/fr\/254932\/","title":{"rendered":"A La Seyne, ce c\u00e9l\u00e8bre festival musical bas\u00e9 sur la nostalgie programme aussi&#8230; des comptines"},"content":{"rendered":"<p>Le festival <strong>La Kermesse<\/strong> &#8211; qui agitera pour le troisi\u00e8me \u00e9t\u00e9 cons\u00e9cutif le parc de la Navale \u00e0 La Seyne-sur-Mer les 1er, 2 et 3 ao\u00fbt prochains &#8211; va pousser le curseur de la nostalgie un cran plus loin.<\/p>\n<p>Les Fatal Bazooka, Shy\u2019m, Kamini et autres Willy Denzey offraient d\u00e9j\u00e0 une vraie plong\u00e9e dans les souvenirs des ann\u00e9es 2000. Mais pour cette \u00e9dition 2025, place aussi \u00e0 ceux de\u2026 <strong>la maternelle<\/strong>. Et ce n\u2019est pas une fa\u00e7on de parler.<\/p>\n<p>Des comptines version banger<\/p>\n<p>Oui, vous avez bien lu. Le samedi 2 ao\u00fbt, en plein c\u0153ur de la deuxi\u00e8me soir\u00e9e du festival, <strong>Ton Pote Gillian<\/strong>, ph\u00e9nom\u00e8ne des r\u00e9seaux sociaux et papa humoriste aux 650 000 abonn\u00e9s sur Instagram, montera sur sc\u00e8ne pour un set improbable : <strong>des comptines r\u00e9adapt\u00e9es fa\u00e7on rap, trap et pop urbaine<\/strong>.<\/p>\n<p>Des titres que l\u2019on chantait en maternelle, remix\u00e9s avec des influences \u00e9videntes venant d&rsquo;artistes tels que PNL ou Niska, entre autres. Un ovni musical enregistr\u00e9 dans les studios de Voila Records, \u00e0 Meyreuil (Bouches-du-Rh\u00f4ne), sorti sur les plateformes de streaming en septembre dernier.<\/p>\n<p>Et un projet n\u00e9 au d\u00e9part&#8230; pour amuser son fils, Elyo. Jusqu&rsquo;\u00e0 se retrouver sur sc\u00e8ne d&rsquo;ici quelques jours.<\/p>\n<p>\u00ab\u00a0Mon seul crit\u00e8re, c\u2019est : est-ce que \u00e7a me fait marrer ?\u00a0\u00bb, confie Gillian. \u00ab\u00a0Si oui, je le fais. Et encore plus si on me dit que je ne devrais pas. Surtout je ne me mets aucune pression, car ce n&rsquo;est pas du tout le c\u0153ur de mon m\u00e9tier\u00a0\u00bb.<\/p>\n<p>R\u00e9sultat : un univers assum\u00e9, avec des morceaux comme La m\u00e8re Michelle ou Coucou Hibou, r\u00e9arrang\u00e9s au millim\u00e8tre pr\u00e8s &#8211; BPM et placements compris &#8211; pour rester dans le rythme des originaux, tout en collant \u00e0 des instrus actuelles.<\/p>\n<p>L&rsquo;id\u00e9e est simple : faire \u00ab\u00a0kiffer\u00a0\u00bb les trentenaires sur le style, tout en laissant les enfants reconna\u00eetre sans difficult\u00e9 les paroles et le rythme, qui restent inchang\u00e9s.<\/p>\n<p>Un show entre impro et cour de r\u00e9cr\u00e9<\/p>\n<p>Le concept est simple : <strong>une trentaine de minutes de spectacle<\/strong>, quatre ou cinq morceaux, et carte blanche entre les titres. Gillian pr\u00e9voit de m\u00ealer humour, stand-up et interactions avec le public.<\/p>\n<p>\u00ab\u00a0Je veux cr\u00e9er une petite histoire. Je vais chercher les trois \u2018oui\u2019 comme un commercial. Si je lance un \u201cEst-ce qu\u2019il y a des gens ici qui ont d\u00e9j\u00e0 \u00e9t\u00e9 enfants ?\u201d, j\u2019en ai d\u00e9j\u00e0 un de tout le monde\u00a0\u00bb, sourit le natif de Hy\u00e8res.<\/p>\n<p>Pas question pour autant de vouloir voler la vedette ni se m\u00ealer aux artistes programm\u00e9s pour venir chanter leurs plus grands tubes. Le tout s\u2019ins\u00e9rera dans le set du duo de DJ Moule &amp; Beat, r\u00e9sidents historiques du festival, en pr\u00e9-show pour chauffer le public.<\/p>\n<p>Une fa\u00e7on originale de promouvoir les artistes varois<\/p>\n<p>\u00ab\u00a0On a trouv\u00e9 que l\u2019arriv\u00e9e des comptines au milieu de ce show serait rigolo, c\u2019\u00e9tait un bon mix\u00a0\u00bb, explique <strong>Pierre Abbate<\/strong>, DJ toulonnais et fondateur du festival, \u00e9galement manager de Gillian depuis quelques mois. \u00ab\u00a0Et puis Gillian, c\u2019est une figure locale. C\u2019est important pour nous de mettre en avant les artistes du coin\u00a0\u00bb.<\/p>\n<p>Un nouveau coup d\u2019\u00e9clat qui vient ainsi renforcer l&rsquo;identit\u00e9 de la Kermesse : un rendez-vous festif, g\u00e9n\u00e9reux, populaire, et bienveillant. Avec, aussi, la volont\u00e9 de promouvoir autant que possible les talents varois.<\/p>\n<p>\u00ab\u00a0\u00c0 part les t\u00eates d\u2019affiche, tous les artistes sont des locaux\u00a0\u00bb, insiste Abbate. \u00ab\u00a0M\u00eame si Gillian n\u2019est pas musicien au d\u00e9part, c\u2019est un vrai performer. Il a la tchatche, l\u2019impro, la proximit\u00e9. Il va occuper l\u2019espace\u00a0\u00bb.<\/p>\n<p>\u00ab\u00a0Ce projet, je l&rsquo;ai fait pour mon fils\u00a0\u00bb<\/p>\n<p>Impossible de savoir exactement ce qu\u2019il se passera sur sc\u00e8ne le soir du 2 ao\u00fbt. Et c\u2019est tant mieux. Ce sera sans doute un joyeux m\u00e9lange de beats, de souvenirs d\u2019enfance, de vannes bien senties, et de 20 000 personnes qui braillent Les crocodiles comme si leur vie en d\u00e9pendait.<\/p>\n<p>\u00ab\u00a0Ce projet, je l\u2019ai fait pour mon fils. Je voulais qu\u2019il puisse dire : \u201cMon papa, il fait des comptines\u201d\u00a0\u00bb, confie Gillian. Un projet initialement lanc\u00e9 avec humour, sans autre ambition que le plaisir. Sauf qu&rsquo;\u00e0\u00a0La Kermesse, le second degr\u00e9 est roi. Au point qu&rsquo;on ne serait presque plus si \u00e9tonn\u00e9 que la programmation ait fait ce choix.<\/p>\n","protected":false},"excerpt":{"rendered":"Le festival La Kermesse &#8211; qui agitera pour le troisi\u00e8me \u00e9t\u00e9 cons\u00e9cutif le parc de la Navale \u00e0&hellip;\n","protected":false},"author":2,"featured_media":254933,"comment_status":"","ping_status":"","sticky":false,"template":"","format":"standard","meta":{"footnotes":""},"categories":[9619],"tags":[1111,11,4156,251,1777,674,1011,27,12,882,25,2310],"class_list":{"0":"post-254932","1":"post","2":"type-post","3":"status-publish","4":"format-standard","5":"has-post-thumbnail","7":"category-toulon","8":"tag-actu","9":"tag-actualites","10":"tag-concerts","11":"tag-culture","12":"tag-eu","13":"tag-europe","14":"tag-fr","15":"tag-france","16":"tag-news","17":"tag-provence-alpes-cote-dazur","18":"tag-republique-francaise","19":"tag-toulon"},"share_on_mastodon":{"url":"https:\/\/pubeurope.com\/@fr\/114870898046568662","error":""},"_links":{"self":[{"href":"https:\/\/www.europesays.com\/fr\/wp-json\/wp\/v2\/posts\/254932","targetHints":{"allow":["GET"]}}],"collection":[{"href":"https:\/\/www.europesays.com\/fr\/wp-json\/wp\/v2\/posts"}],"about":[{"href":"https:\/\/www.europesays.com\/fr\/wp-json\/wp\/v2\/types\/post"}],"author":[{"embeddable":true,"href":"https:\/\/www.europesays.com\/fr\/wp-json\/wp\/v2\/users\/2"}],"replies":[{"embeddable":true,"href":"https:\/\/www.europesays.com\/fr\/wp-json\/wp\/v2\/comments?post=254932"}],"version-history":[{"count":0,"href":"https:\/\/www.europesays.com\/fr\/wp-json\/wp\/v2\/posts\/254932\/revisions"}],"wp:featuredmedia":[{"embeddable":true,"href":"https:\/\/www.europesays.com\/fr\/wp-json\/wp\/v2\/media\/254933"}],"wp:attachment":[{"href":"https:\/\/www.europesays.com\/fr\/wp-json\/wp\/v2\/media?parent=254932"}],"wp:term":[{"taxonomy":"category","embeddable":true,"href":"https:\/\/www.europesays.com\/fr\/wp-json\/wp\/v2\/categories?post=254932"},{"taxonomy":"post_tag","embeddable":true,"href":"https:\/\/www.europesays.com\/fr\/wp-json\/wp\/v2\/tags?post=254932"}],"curies":[{"name":"wp","href":"https:\/\/api.w.org\/{rel}","templated":true}]}}