{"id":254934,"date":"2025-07-17T22:19:39","date_gmt":"2025-07-17T22:19:39","guid":{"rendered":"https:\/\/www.europesays.com\/fr\/254934\/"},"modified":"2025-07-17T22:19:39","modified_gmt":"2025-07-17T22:19:39","slug":"cest-un-exploit-national-les-m14-du-rct-remportent-le-super-challenge-de-france-de-rugby-a-xv-et-de-sevens-cette-saison","status":"publish","type":"post","link":"https:\/\/www.europesays.com\/fr\/254934\/","title":{"rendered":"C&rsquo;est un exploit national, les M14 du RCT remportent le Super Challenge de France de rugby \u00e0 XV et de Sevens cette saison"},"content":{"rendered":"<p>Jamais dans l\u2019histoire de l\u2019organisation du Super Challenge de France cr\u00e9\u00e9 en 1981 pour la cat\u00e9gorie \u00ab\u00a0mimines\u00a0\u00bb &#8211; aujourd\u2019hui appel\u00e9s les M14- une \u00e9quipe n\u2019avait fait le doubl\u00e9 rugby \u00e0 XV et rugby \u00e0 7 (Sevens). <strong>Un exploit XXL des minots du RCT<\/strong>, qui marque un tournant dans l\u2019histoire de la formation fran\u00e7aise.<\/p>\n<p>Le 16 juin dernier \u00e0 Valence-Romans, les jeunes Rouge et Noir remportaient brillamment leur <strong>\u00ab\u00a0Final Four\u00a0\u00bb en rugby \u00e0 XV<\/strong> face au Racing, Montpellier et Massy. Deux semaines plus tard, le 29 juin \u00e0 Tyrosse, ils confirmaient leur supr\u00e9matie en dominant une triangulaire relev\u00e9e contre La Rochelle et Massy, cette fois dans <strong>la version Sevens<\/strong>. Un doubl\u00e9 qui fait grand bruit au niveau national<\/p>\n<p>Les dirigeants du RCT Association et leurs deux co-pr\u00e9sidents <strong>Olivier Rouard<\/strong> et <strong>Patrice Blach\u00e8re<\/strong> ont mis \u00e0 l\u2019honneur les jeunes de la rade lors d\u2019une c\u00e9r\u00e9monie qui s\u2019est d\u00e9roul\u00e9e mercredi 9 juillet au Campus du RCT.<\/p>\n<p>Un \u00e0 un, tous en blond d\u00e9color\u00e9 depuis leur titre de rugby \u00e0 XV, les trente-cinq jeunes talents se sont vus remettre le maillot de leur saison historique, accompagn\u00e9 des mots encourageants des dirigeants, sous les yeux fiers de leurs parents.<\/p>\n<p>L\u2019\u00e9quipe d\u2019encadrement <strong>Denis Marcadier<\/strong> (avants), <strong>Enzo Vacchino<\/strong> (trois-quarts), <strong>Youn\u00e8s El Gharbi<\/strong> (kin\u00e9sith\u00e9rapeute), <strong>Mat\u00e9o Celce<\/strong> (pr\u00e9parateur physique), n\u2019a pas manqu\u00e9 de rappeler que ce doubl\u00e9 historique s\u2019inscrit dans le cadre du projet \u00ab\u00a0RCT Passion\u00a0\u00bb, qui rassemble de nombreux acteurs locaux*. Un beau projet collectif qui v\u00e9rifie \u00e0 merveille l\u2019adage: \u00ab\u00a0Seul on va plus vite, mais ensemble on va plus loin\u00a0\u00bb.<\/p>\n<p>C\u2019est certain: la rel\u00e8ve toulonnaise est pr\u00eate, et impressionne d\u00e9j\u00e0 le monde du rugby.<\/p>\n<p>*Les \u00e9ducateurs enfants, les clubs partenaires de l\u2019USSeynoise, le RC Hy\u00e8res Carqueiranne la Crau 83, le XV du Coudon, Draguignan, l\u2019USMourillon, le CARF, le Beausset, Six-Fours, le Gapeau, les trois coll\u00e8ges Bon Accueil, Django Reinhardt, la Navarre pour les horaires am\u00e9nag\u00e9s et la pension compl\u00e8te.<\/p>\n","protected":false},"excerpt":{"rendered":"Jamais dans l\u2019histoire de l\u2019organisation du Super Challenge de France cr\u00e9\u00e9 en 1981 pour la cat\u00e9gorie \u00ab\u00a0mimines\u00a0\u00bb &#8211;&hellip;\n","protected":false},"author":2,"featured_media":254935,"comment_status":"","ping_status":"","sticky":false,"template":"","format":"standard","meta":{"footnotes":""},"categories":[9619],"tags":[1111,11,1777,674,1011,27,12,882,25,479,60,2310],"class_list":{"0":"post-254934","1":"post","2":"type-post","3":"status-publish","4":"format-standard","5":"has-post-thumbnail","7":"category-toulon","8":"tag-actu","9":"tag-actualites","10":"tag-eu","11":"tag-europe","12":"tag-fr","13":"tag-france","14":"tag-news","15":"tag-provence-alpes-cote-dazur","16":"tag-republique-francaise","17":"tag-rugby","18":"tag-sports","19":"tag-toulon"},"share_on_mastodon":{"url":"https:\/\/pubeurope.com\/@fr\/114870902050972652","error":""},"_links":{"self":[{"href":"https:\/\/www.europesays.com\/fr\/wp-json\/wp\/v2\/posts\/254934","targetHints":{"allow":["GET"]}}],"collection":[{"href":"https:\/\/www.europesays.com\/fr\/wp-json\/wp\/v2\/posts"}],"about":[{"href":"https:\/\/www.europesays.com\/fr\/wp-json\/wp\/v2\/types\/post"}],"author":[{"embeddable":true,"href":"https:\/\/www.europesays.com\/fr\/wp-json\/wp\/v2\/users\/2"}],"replies":[{"embeddable":true,"href":"https:\/\/www.europesays.com\/fr\/wp-json\/wp\/v2\/comments?post=254934"}],"version-history":[{"count":0,"href":"https:\/\/www.europesays.com\/fr\/wp-json\/wp\/v2\/posts\/254934\/revisions"}],"wp:featuredmedia":[{"embeddable":true,"href":"https:\/\/www.europesays.com\/fr\/wp-json\/wp\/v2\/media\/254935"}],"wp:attachment":[{"href":"https:\/\/www.europesays.com\/fr\/wp-json\/wp\/v2\/media?parent=254934"}],"wp:term":[{"taxonomy":"category","embeddable":true,"href":"https:\/\/www.europesays.com\/fr\/wp-json\/wp\/v2\/categories?post=254934"},{"taxonomy":"post_tag","embeddable":true,"href":"https:\/\/www.europesays.com\/fr\/wp-json\/wp\/v2\/tags?post=254934"}],"curies":[{"name":"wp","href":"https:\/\/api.w.org\/{rel}","templated":true}]}}