{"id":254942,"date":"2025-07-17T22:25:17","date_gmt":"2025-07-17T22:25:17","guid":{"rendered":"https:\/\/www.europesays.com\/fr\/254942\/"},"modified":"2025-07-17T22:25:17","modified_gmt":"2025-07-17T22:25:17","slug":"metropole-de-grenoble-amandine-demore-signataire-dune-lettre-pour-demander-le-retour-du-passsport","status":"publish","type":"post","link":"https:\/\/www.europesays.com\/fr\/254942\/","title":{"rendered":"M\u00e9tropole de Grenoble. Amandine Demore signataire d\u2019une lettre pour demander le retour du Pass\u2019Sport"},"content":{"rendered":"<p>Ils sont pr\u00e8s de 130 \u00e0 avoir sign\u00e9 le document\u00a0: des \u00e9lus de l\u2019association des maires Ville et banlieue de France ont adress\u00e9 <a href=\"https:\/\/www.ville-et-banlieue.org\/avec-suppression-pass-sport-6-13-ans-ambition-nation-sportive-desheritage-olympique-37963.html\" target=\"_blank\" rel=\"noopener\">une lettre\u00a0ouverte<\/a> au pr\u00e9sident Macron et au Premier ministre, pour d\u00e9noncer la suppression cette ann\u00e9e du Pass\u2019Sport \u00c9tat pour les 6-13 ans.\u00a0Cr\u00e9\u00e9 en 2021, ce dispositif s\u2019adressant aux 6-17 ans offrait une aide de 50\u00a0euros \u00e0 1,6\u00a0million d\u2019habitants. Pour la prochaine rentr\u00e9e sportive, il a donc \u00e9t\u00e9 supprim\u00e9 pour la majorit\u00e9 des b\u00e9n\u00e9ficiaires. Il s\u2019adresse d\u00e9sormais aux\u00a014-17 ans recevant l\u2019allocation de rentr\u00e9e scolaire et s\u2019\u00e9l\u00e8ve \u00e0 70\u00a0euros.<\/p>\n<p>Parmi les 133 signataires, on retrouve une seule \u00e9lue is\u00e9roise, <a href=\"https:\/\/www.ledauphine.com\/p\/amandine-demore\" target=\"_blank\" rel=\"noopener\">Amandine Demore<\/a>, maire communiste d\u2019\u00c9chirolles et conseill\u00e8re d\u00e9partementale. Dans le document, les \u00e9lus d\u00e9noncent, \u00e0 travers cette suppression, \u00ab\u00a0une mesure meurtrie\u0300re pour l\u2019acc\u00e8s au sport. C\u2019est une de\u0301sertion de l\u2019E\u0301tat envers une politique sportive efficace et qui a fait ses preuves. Ou\u0300 est passe\u0301e l\u2019ambition d\u2019une Nation sportive maintes fois promise dans l\u2019e\u0301lan olympique\u00a0?\u00a0\u00bb, lancent-ils. Et d\u2019ajouter que \u00ab\u00a0la cre\u0301ation du Pass\u2019Sport et la vague sportive des JO ont fait exploser le nombre d\u2019inscrits dans nos clubs. Le Pass\u2019Sport a donne\u0301 un coup d\u2019arre\u0302t a\u0300 la discrimination financie\u0300re dans l\u2019acce\u0300s au sport. Il a permis un boom d\u2019inscriptions sportives des jeunes filles\u00a0\u00bb.<\/p>\n<p>\u00c0 \u00c9chirolles, la Ville et <a href=\"https:\/\/www.ledauphine.com\/societe\/2025\/03\/28\/inclusion-formation-objectif-sport-echirolles-une-association-engagee\" target=\"_blank\" rel=\"noopener\">Objectif sport \u00c9chirolles (OSE)<\/a> ont, depuis 2021, instaur\u00e9 un ch\u00e8que sport pour les 6-18 ans dont les parents poss\u00e8dent un quotient familial inf\u00e9rieur \u00e0 1\u00a0852\u00a0\u20ac. Un coup de pouce qui s\u2019\u00e9l\u00e8vera \u00e0 50\u00a0\u20ac \u00e0 la rentr\u00e9e (soit 10\u00a0\u20ac de plus qu\u2019avant) gr\u00e2ce \u00e0 un partenariat avec l\u2019association des commer\u00e7ants de Grand\u2019Place. En 2024, pas moins de 1\u00a0500 ch\u00e8ques sport de 40\u00a0euros ont \u00e9t\u00e9 distribu\u00e9s.<\/p>\n","protected":false},"excerpt":{"rendered":"Ils sont pr\u00e8s de 130 \u00e0 avoir sign\u00e9 le document\u00a0: des \u00e9lus de l\u2019association des maires Ville et&hellip;\n","protected":false},"author":2,"featured_media":254943,"comment_status":"","ping_status":"","sticky":false,"template":"","format":"standard","meta":{"footnotes":""},"categories":[9566],"tags":[1111,11,2430,9852,9853,112,1057,1777,674,1011,27,2731,12,25],"class_list":{"0":"post-254942","1":"post","2":"type-post","3":"status-publish","4":"format-standard","5":"has-post-thumbnail","7":"category-grenoble","8":"tag-actu","9":"tag-actualites","10":"tag-auvergne-rhone-alpes","11":"tag-echirolles","12":"tag-echirolles-bassin","13":"tag-edition-grenoble-agglomeration","14":"tag-education","15":"tag-eu","16":"tag-europe","17":"tag-fr","18":"tag-france","19":"tag-grenoble","20":"tag-news","21":"tag-republique-francaise"},"share_on_mastodon":{"url":"https:\/\/pubeurope.com\/@fr\/114870925645181720","error":""},"_links":{"self":[{"href":"https:\/\/www.europesays.com\/fr\/wp-json\/wp\/v2\/posts\/254942","targetHints":{"allow":["GET"]}}],"collection":[{"href":"https:\/\/www.europesays.com\/fr\/wp-json\/wp\/v2\/posts"}],"about":[{"href":"https:\/\/www.europesays.com\/fr\/wp-json\/wp\/v2\/types\/post"}],"author":[{"embeddable":true,"href":"https:\/\/www.europesays.com\/fr\/wp-json\/wp\/v2\/users\/2"}],"replies":[{"embeddable":true,"href":"https:\/\/www.europesays.com\/fr\/wp-json\/wp\/v2\/comments?post=254942"}],"version-history":[{"count":0,"href":"https:\/\/www.europesays.com\/fr\/wp-json\/wp\/v2\/posts\/254942\/revisions"}],"wp:featuredmedia":[{"embeddable":true,"href":"https:\/\/www.europesays.com\/fr\/wp-json\/wp\/v2\/media\/254943"}],"wp:attachment":[{"href":"https:\/\/www.europesays.com\/fr\/wp-json\/wp\/v2\/media?parent=254942"}],"wp:term":[{"taxonomy":"category","embeddable":true,"href":"https:\/\/www.europesays.com\/fr\/wp-json\/wp\/v2\/categories?post=254942"},{"taxonomy":"post_tag","embeddable":true,"href":"https:\/\/www.europesays.com\/fr\/wp-json\/wp\/v2\/tags?post=254942"}],"curies":[{"name":"wp","href":"https:\/\/api.w.org\/{rel}","templated":true}]}}