{"id":254946,"date":"2025-07-17T22:27:16","date_gmt":"2025-07-17T22:27:16","guid":{"rendered":"https:\/\/www.europesays.com\/fr\/254946\/"},"modified":"2025-07-17T22:27:16","modified_gmt":"2025-07-17T22:27:16","slug":"100-hectares-brules-dans-la-foret-de-broceliande-pres-de-rennes","status":"publish","type":"post","link":"https:\/\/www.europesays.com\/fr\/254946\/","title":{"rendered":"100 hectares br\u00fbl\u00e9s dans la for\u00eat de Broc\u00e9liande pr\u00e8s de Rennes"},"content":{"rendered":"<p class=\"rev-margin-0 rev-text-xs-normal\">Un bombardier d&rsquo;eau Dash 8-Q400 MR de la S\u00e9curit\u00e9 civile largue de l&rsquo;eau au-dessus de la for\u00eat de Broc\u00e9liande apr\u00e8s qu&rsquo;un incendie s&rsquo;est d\u00e9clar\u00e9, le 17 juillet 2025 \u00e0 Tr\u00e9horenteuc, dans le Morbihan<\/p>\n<p class=\"rev-margin-0 rev-text-xs-bold\">PHOTO AFP \/ Damien MEYER<\/p>\n<p>Le feu s&rsquo;est d\u00e9clar\u00e9 vers 16h sur la commune de Tr\u00e9horenteuc (Morbihan), \u00e0 une soixantaine de kilom\u00e8tres \u00e0 l&rsquo;ouest de Rennes, et continuait de progresser en d\u00e9but de soir\u00e9e.<\/p>\n<p>\u00ab\u00a0Le feu se propage en direction du Nord\/Nord-Est et est d\u00e9sormais principalement localis\u00e9 dans le d\u00e9partement de l\u2019Ille-et-Vilaine\u00a0\u00bb sur la commune de Paimont, a pr\u00e9cis\u00e9 la pr\u00e9fecture dans un communiqu\u00e9 diffus\u00e9 \u00e0 19H45.<\/p>\n<p>Pr\u00e8s de 200 pompiers du Morbihan, d\u00e9partement plac\u00e9 en alerte s\u00e9cheresse mercredi par les autorit\u00e9s, et d&rsquo;Ille-et-Vilaine ont \u00e9t\u00e9 mobilis\u00e9s.<\/p>\n<p>\u00ab\u00a0La propagation du feu est facilit\u00e9e par la s\u00e9cheresse de la v\u00e9g\u00e9tation et des vents marqu\u00e9s\u00a0\u00bb, a affirm\u00e9 la pr\u00e9fecture, pr\u00e9cisant que \u00ab\u00a0les renforts a\u00e9riens, Air Tractor et Dash 8, sont arriv\u00e9s et ont commenc\u00e9 les largages sur le site de l\u2019incendie\u00a0\u00bb.<\/p>\n<p>Le p\u00e9licandrome (lieu de ravitaillement en eau ou en produit retardant pour les avions bombardiers d&rsquo;eau, ndlr) de Vannes Meucon a \u00e9t\u00e9 activ\u00e9.<\/p>\n<p><img alt=\"Un incendie dans la for\u00eat de Broc\u00e9liande, le 17 juillet 2025 \u00e0 Tr\u00e9horenteuc, dans le Morbihan\" loading=\"lazy\" decoding=\"async\" data-nimg=\"fill\" class=\" TwicCore_img__i9TC1 undefined  undefined\" style=\"position:absolute;height:100%;width:100%;left:0;top:0;right:0;bottom:0;color:transparent;background-size:cover;background-position:50% 50%;background-repeat:no-repeat;background-image:url(&quot;data:image\/svg+xml;charset=utf-8,%3Csvg xmlns='http:\/\/www.w3.org\/2000\/svg' %3E%3Cfilter id='b' color-interpolation-filters='sRGB'%3E%3CfeGaussianBlur stdDeviation='20'\/%3E%3CfeColorMatrix values='1 0 0 0 0 0 1 0 0 0 0 0 1 0 0 0 0 0 100 -1' result='s'\/%3E%3CfeFlood x='0' y='0' width='100%25' height='100%25'\/%3E%3CfeComposite operator='out' in='s'\/%3E%3CfeComposite in2='SourceGraphic'\/%3E%3CfeGaussianBlur stdDeviation='20'\/%3E%3C\/filter%3E%3Cimage width='100%25' height='100%25' x='0' y='0' preserveAspectRatio='none' style='filter: url(%23b);' href='https:\/\/pictures.laprovence.com\/cdn-cgi\/image\/blur=250\/media\/afp\/fdcedcbbe31867bb55e086c04b39344e981518dd.jpg'\/%3E%3C\/svg%3E&quot;)\"   src=\"https:\/\/www.europesays.com\/fr\/wp-content\/uploads\/2025\/07\/fdcedcbbe31867bb55e086c04b39344e981518dd.jpg\"\/>Un incendie dans la for\u00eat de Broc\u00e9liande, le 17 juillet 2025 \u00e0 Tr\u00e9horenteuc, dans le Morbihan PHOTO AFP \/ Damien MEYER<\/p>\n<p>\u00ab\u00a0Aucune habitation n&rsquo;est menac\u00e9e \u00e0 ce stade\u00a0\u00bb, a assur\u00e9 la pr\u00e9fecture d&rsquo;Ille-et-Vilaine, \u00e9galement mobilis\u00e9e.<\/p>\n<p>Mais plusieurs routes d\u00e9partementales ont \u00e9t\u00e9 coup\u00e9es et il est demand\u00e9 \u00e0 la population d&rsquo;\u00e9viter le secteur et de faciliter l&rsquo;acc\u00e8s des secours.<\/p>\n<p>La for\u00eat de Broc\u00e9liande, tr\u00e8s pris\u00e9e des touristes en cette p\u00e9riode de l&rsquo;ann\u00e9e, avait connu de tr\u00e8s importants incendies \u00e0 l&rsquo;\u00e9t\u00e9 2022. L&rsquo;un d&rsquo;eux avait parcouru plus de 600 hectares et en avait d\u00e9truit environ 400.<\/p>\n<p>Cette for\u00eat, qui s&rsquo;\u00e9tend sur plus de 9.000 hectares, est un haut-lieu de la l\u00e9gende arthurienne, \u00e0 cheval sur l&rsquo;est du Morbihan et le sud-ouest de l&rsquo;Ille-et-Vilaine.<\/p>\n","protected":false},"excerpt":{"rendered":"Un bombardier d&rsquo;eau Dash 8-Q400 MR de la S\u00e9curit\u00e9 civile largue de l&rsquo;eau au-dessus de la for\u00eat de&hellip;\n","protected":false},"author":2,"featured_media":254947,"comment_status":"","ping_status":"","sticky":false,"template":"","format":"standard","meta":{"footnotes":""},"categories":[2821],"tags":[20747,17,1111,11,829,39517,31936,1446,1777,674,5183,1011,27,329,3573,12,584,25],"class_list":{"0":"post-254946","1":"post","2":"type-post","3":"status-publish","4":"format-standard","5":"has-post-thumbnail","7":"category-rennes","8":"tag-20747","9":"tag-17","10":"tag-actu","11":"tag-actualites","12":"tag-bretagne","13":"tag-broceliande","14":"tag-brules","15":"tag-dans","16":"tag-eu","17":"tag-europe","18":"tag-foret","19":"tag-fr","20":"tag-france","21":"tag-france-monde","22":"tag-hectares","23":"tag-news","24":"tag-rennes","25":"tag-republique-francaise"},"share_on_mastodon":{"url":"https:\/\/pubeurope.com\/@fr\/114870933626950691","error":""},"_links":{"self":[{"href":"https:\/\/www.europesays.com\/fr\/wp-json\/wp\/v2\/posts\/254946","targetHints":{"allow":["GET"]}}],"collection":[{"href":"https:\/\/www.europesays.com\/fr\/wp-json\/wp\/v2\/posts"}],"about":[{"href":"https:\/\/www.europesays.com\/fr\/wp-json\/wp\/v2\/types\/post"}],"author":[{"embeddable":true,"href":"https:\/\/www.europesays.com\/fr\/wp-json\/wp\/v2\/users\/2"}],"replies":[{"embeddable":true,"href":"https:\/\/www.europesays.com\/fr\/wp-json\/wp\/v2\/comments?post=254946"}],"version-history":[{"count":0,"href":"https:\/\/www.europesays.com\/fr\/wp-json\/wp\/v2\/posts\/254946\/revisions"}],"wp:featuredmedia":[{"embeddable":true,"href":"https:\/\/www.europesays.com\/fr\/wp-json\/wp\/v2\/media\/254947"}],"wp:attachment":[{"href":"https:\/\/www.europesays.com\/fr\/wp-json\/wp\/v2\/media?parent=254946"}],"wp:term":[{"taxonomy":"category","embeddable":true,"href":"https:\/\/www.europesays.com\/fr\/wp-json\/wp\/v2\/categories?post=254946"},{"taxonomy":"post_tag","embeddable":true,"href":"https:\/\/www.europesays.com\/fr\/wp-json\/wp\/v2\/tags?post=254946"}],"curies":[{"name":"wp","href":"https:\/\/api.w.org\/{rel}","templated":true}]}}