{"id":254948,"date":"2025-07-17T22:28:17","date_gmt":"2025-07-17T22:28:17","guid":{"rendered":"https:\/\/www.europesays.com\/fr\/254948\/"},"modified":"2025-07-17T22:28:17","modified_gmt":"2025-07-17T22:28:17","slug":"les-precisions-du-rectorat-de-lacademie-de-strasbourg-2","status":"publish","type":"post","link":"https:\/\/www.europesays.com\/fr\/254948\/","title":{"rendered":"les pr\u00e9cisions du rectorat de l\u2019acad\u00e9mie de Strasbourg"},"content":{"rendered":"<p>L\u2019option Culture r\u00e9gionale, <a href=\"https:\/\/www.dna.fr\/culture-loisirs\/2025\/07\/16\/l-option-culture-regionale-disparait-des-lycees-alsaciens-a-la-rentree\" target=\"_blank\" rel=\"nofollow noopener\">dont la disparition est annonc\u00e9e dans les lyc\u00e9es \u00e0 partir de la rentr\u00e9e<\/a> (notre \u00e9dition de ce mercredi 16\u00a0juillet), a \u00e9t\u00e9 mise en place suite \u00e0 la derni\u00e8re r\u00e9forme du baccalaur\u00e9at \u00ab\u00a0instaurant l\u2019enseignement de la langue r\u00e9gionale comme langue vivante B ou langue vivante C d\u00e9j\u00e0 en place dans l\u2019acad\u00e9mie\u00a0\u00bb, pr\u00e9cise le rectorat de Strasbourg.<\/p>\n<p>Cet enseignement facultatif ax\u00e9 sur la culture r\u00e9gionale et dispens\u00e9 en langue fran\u00e7aise a alors \u00e9t\u00e9 propos\u00e9 pour permettre aux \u00e9l\u00e8ves de \u00ab\u00a0mieux comprendre leur environnement culturel r\u00e9gional.\u00a0\u00bb \u00ab\u00a0Il a \u00e9t\u00e9 mis en place par 14 lyc\u00e9es sur 96. Il concerne 589 \u00e9l\u00e8ves en 2025 et s\u2019\u00e9teindra \u00e0 la rentr\u00e9e 2027, tout en restant accessible aux \u00e9l\u00e8ves d\u00e9j\u00e0 engag\u00e9s\u00a0\u00bb, d\u00e9taille le rectorat, mentionnant aussi d\u2019autres actions \u00ab\u00a0men\u00e9es en parall\u00e8le pour valoriser la langue et la culture alsaciennes\u00a0\u00bb (ateliers en alsacien \u00e0 l\u2019\u00e9cole, parcours immersifs, culture r\u00e9gionale au coll\u00e8ge\u2026)<\/p>\n<p>  Les effectifs ont fondu<\/p>\n<p>Pour <a href=\"https:\/\/www.dna.fr\/culture-loisirs\/2022\/04\/11\/l-enseignement-bilingue-toute-une-histoire-racontee-dans-un-livre-signe-richard-weiss\" target=\"_blank\" rel=\"nofollow noopener\">Richard Weiss, grand d\u00e9fenseur du bilinguisme<\/a> , il faut surtout signaler que \u00ab\u00a0les effectifs en lyc\u00e9e ont fondu\u00a0\u00bb depuis que cette option \u00ab\u00a0ne rapporte plus de points bonus au bac\u00a0\u00bb comme c\u2019\u00e9tait le cas avant la r\u00e9forme, qu\u2019elle \u00ab\u00a0ne figure plus que comme certificat sans mention pour <a href=\"https:\/\/www.dna.fr\/p\/parcoursup\" target=\"_blank\" rel=\"noopener\">Parcoursup<\/a>\u00a0\u00bb et pas du tout \u00ab\u00a0dans le catalogue des mati\u00e8res faisant l\u2019objet d\u2019une \u00e9valuation de comp\u00e9tences dans le livret scolaire.\u00a0\u00bb Bref, conclut-il, cette option est \u00ab\u00a0certes enrichissante intellectuellement mais un investissement peu strat\u00e9gique par rapport \u00e0 toutes les autres\u2026 S\u2019int\u00e9resser \u00e0 sa propre culture r\u00e9gionale ne rapporte plus\u00a0?\u00a0\u00bb<\/p>\n","protected":false},"excerpt":{"rendered":"L\u2019option Culture r\u00e9gionale, dont la disparition est annonc\u00e9e dans les lyc\u00e9es \u00e0 partir de la rentr\u00e9e (notre \u00e9dition&hellip;\n","protected":false},"author":2,"featured_media":254949,"comment_status":"","ping_status":"","sticky":false,"template":"","format":"standard","meta":{"footnotes":""},"categories":[2820],"tags":[1111,11,2389,3599,1057,1777,674,107,1011,27,775,12,25,640],"class_list":{"0":"post-254948","1":"post","2":"type-post","3":"status-publish","4":"format-standard","5":"has-post-thumbnail","7":"category-strasbourg","8":"tag-actu","9":"tag-actualites","10":"tag-alsace","11":"tag-college-lycee","12":"tag-education","13":"tag-eu","14":"tag-europe","15":"tag-fil-info","16":"tag-fr","17":"tag-france","18":"tag-grand-est","19":"tag-news","20":"tag-republique-francaise","21":"tag-strasbourg"},"share_on_mastodon":{"url":"https:\/\/pubeurope.com\/@fr\/114870937420587085","error":""},"_links":{"self":[{"href":"https:\/\/www.europesays.com\/fr\/wp-json\/wp\/v2\/posts\/254948","targetHints":{"allow":["GET"]}}],"collection":[{"href":"https:\/\/www.europesays.com\/fr\/wp-json\/wp\/v2\/posts"}],"about":[{"href":"https:\/\/www.europesays.com\/fr\/wp-json\/wp\/v2\/types\/post"}],"author":[{"embeddable":true,"href":"https:\/\/www.europesays.com\/fr\/wp-json\/wp\/v2\/users\/2"}],"replies":[{"embeddable":true,"href":"https:\/\/www.europesays.com\/fr\/wp-json\/wp\/v2\/comments?post=254948"}],"version-history":[{"count":0,"href":"https:\/\/www.europesays.com\/fr\/wp-json\/wp\/v2\/posts\/254948\/revisions"}],"wp:featuredmedia":[{"embeddable":true,"href":"https:\/\/www.europesays.com\/fr\/wp-json\/wp\/v2\/media\/254949"}],"wp:attachment":[{"href":"https:\/\/www.europesays.com\/fr\/wp-json\/wp\/v2\/media?parent=254948"}],"wp:term":[{"taxonomy":"category","embeddable":true,"href":"https:\/\/www.europesays.com\/fr\/wp-json\/wp\/v2\/categories?post=254948"},{"taxonomy":"post_tag","embeddable":true,"href":"https:\/\/www.europesays.com\/fr\/wp-json\/wp\/v2\/tags?post=254948"}],"curies":[{"name":"wp","href":"https:\/\/api.w.org\/{rel}","templated":true}]}}