{"id":254959,"date":"2025-07-17T22:40:15","date_gmt":"2025-07-17T22:40:15","guid":{"rendered":"https:\/\/www.europesays.com\/fr\/254959\/"},"modified":"2025-07-17T22:40:15","modified_gmt":"2025-07-17T22:40:15","slug":"relaxe-partielle-pour-un-couple-soupconne-davoir-voulu-sacrifier-son-fils-dans-le-sahara","status":"publish","type":"post","link":"https:\/\/www.europesays.com\/fr\/254959\/","title":{"rendered":"relaxe partielle pour un couple soup\u00e7onn\u00e9 d&rsquo;avoir voulu \u00absacrifier\u00bb son fils dans le Sahara"},"content":{"rendered":"<p>Le couple avait \u00e9t\u00e9 arr\u00eat\u00e9 en compagnie de leur fils en d\u00e9cembre 2023 en Espagne, alors qu\u2019ils embarquaient pour le Maroc, o\u00f9 ils souhaitaient exorciser l\u2019enfant de 5 ans.<\/p>\n<p class=\"fig-paragraph\">Le tribunal correctionnel de\u00a0<a href=\"https:\/\/www.lefigaro.fr\/tag\/Bordeaux\" target=\"_blank\" rel=\"sponsored noopener nofollow\" data-gtm-custom-categorie=\"navigation\" data-gtm-custom-action=\"crossclick\" data-gtm-custom-label=\"Contextuel\" data-gtm-event=\"customEventSPE\">Bordeaux\u00a0<\/a>a relax\u00e9 partiellement jeudi soir un couple de professeurs de musique girondins soup\u00e7onn\u00e9s d&rsquo;avoir voulu \u00absacrifier\u00bb leur fils de cinq ans dans le d\u00e9sert marocain, tout en leur retirant l&rsquo;autorit\u00e9 parentale. Le minist\u00e8re public avait requis six ans d&#8217;emprisonnement \u00e0 l&rsquo;encontre du p\u00e8re et quatre ans de la m\u00e8re pour association de malfaiteurs, mais la pr\u00e9sidente du tribunal a jug\u00e9 \u00abqu&rsquo;aucun \u00e9l\u00e9ment ne pouvait caract\u00e9riser\u00bb cette infraction. Ils ont toutefois \u00e9t\u00e9 tous deux condamn\u00e9s \u00e0 18 mois de prison pour avoir failli \u00e0 leurs obligations l\u00e9gales en tant que parents, peine assortie d&rsquo;un sursis probatoire de deux ans et d&rsquo;une injonction de soins pour le p\u00e8re.<\/p>\n<p class=\"fig-paragraph\">\u00abEn aucun cas, je n&rsquo;ai voulu faire du mal \u00e0 mon fils\u00bb, a assur\u00e9 Florian L., 42 ans, qui comparaissait dans un box vitr\u00e9, car il \u00e9tait en d\u00e9tention provisoire, mais est ressorti libre. Le couple avait \u00e9t\u00e9 interpell\u00e9 le 21 d\u00e9cembre 2023 par la Guardia civil, la gendarmerie espagnole, \u00e0 Alg\u00e9siras alors qu&rsquo;il allait embarquer \u00e0 bord d&rsquo;un ferry pour Tanger, au\u00a0<a href=\"https:\/\/www.lefigaro.fr\/tag\/maroc\" target=\"_blank\" rel=\"sponsored noopener nofollow\" data-gtm-custom-categorie=\"navigation\" data-gtm-custom-action=\"crossclick\" data-gtm-custom-label=\"Contextuel\" data-gtm-event=\"customEventSPE\">Maroc<\/a>. \u00abIls abandonnent leur \u00e9cole, leur logement, sans vraiment prendre de v\u00eatements. Tout \u00e7a \u00e9tait bien pr\u00e9vu, bien organis\u00e9, a lanc\u00e9 le procureur Olivier Bonithon. Ils jettent leur t\u00e9l\u00e9phone portable et tablette pour \u00e9viter possiblement d&rsquo;\u00eatre g\u00e9olocalis\u00e9s. Ils voulaient exorciser leur fils au Maroc, le sacrifier le jour de No\u00ebl pour qu&rsquo;il ressuscite comme J\u00e9sus. \u00c7a ne s&rsquo;invente pas quand m\u00eame!\u00bb.<\/p>\n<p>                                    <a class=\"fig-a11y-skip a11y-hidden\" href=\"#fig-a11y-skip-main-inarticle\"><br \/>\n        Passer la publicit\u00e9<br \/>\n    <\/a><\/p>\n<p>\u00abUne partie de d\u00e9mon en lui\u00bb<\/p>\n<p class=\"fig-paragraph\">Quelques jours avant leur interpellation, la s\u0153ur de la m\u00e8re de l&rsquo;enfant avait fait un signalement au parquet apr\u00e8s avoir eu connaissance du projet du p\u00e8re de \u00abcr\u00e9er une nouvelle religion\u00bb, car \u00ab80% de la population allait mourir\u00bb. Lors d&rsquo;une soir\u00e9e au domicile d&rsquo;une proche, Florian L. lui avait demand\u00e9 de \u00abs&rsquo;agenouiller\u00bb devant lui et lui avait confi\u00e9 que son gar\u00e7on avait \u00abtr\u00e8s certainement une partie de d\u00e9mon en lui\u00bb, selon elle. \u00abIl va falloir que je sacrifie mon propre fils\u00bb, avait-il ajout\u00e9, toujours selon cette femme. A l&rsquo;audience, Florian L., a indiqu\u00e9 avoir rencontr\u00e9 Dieu en novembre 2023, nu dans la for\u00eat du M\u00e9doc, un jour de temp\u00eate, et qu&rsquo;il lui avait demand\u00e9 d&rsquo;\u00eatre son \u00abbras arm\u00e9\u00bb. \u00abCe qui r\u00e9git ma vie, c&rsquo;est l&rsquo;amour, la chr\u00e9tient\u00e9\u00bb, a assur\u00e9 l&rsquo;homme f\u00e9ru de \u00abcroyances mystiques\u00bb et pour qui la \u00abTerre est plate\u00bb.<\/p>\n<p class=\"fig-paragraph\">Retrouv\u00e9 par les gendarmes, il avait \u00e9t\u00e9 intern\u00e9 en h\u00f4pital psychiatrique \u00e0 la suite de \u00abbouff\u00e9es d\u00e9lirantes\u00bb mais ne souffre pas de pathologie mentale selon les experts. \u00abOn voulait prendre des vacances pour partir au calme, rechercher la paix, la tranquillit\u00e9\u00bb, a assur\u00e9 d&rsquo;une voix douce la m\u00e8re, Marie L, ajoutant qu&rsquo;elle ne serait \u00abjamais rest\u00e9e sto\u00efque s&rsquo;il avait tenu de tels propos\u00bb. \u00abUn d\u00e9part pr\u00e9cipit\u00e9 ne montre pas la pr\u00e9paration d&rsquo;un projet mortif\u00e8re\u00bb, a d\u00e9clar\u00e9 l&rsquo;avocate du p\u00e8re, Me Audrey Bousillon, pour qui \u00abla montagne accouche d&rsquo;une souris\u00bb.<\/p>\n","protected":false},"excerpt":{"rendered":"Le couple avait \u00e9t\u00e9 arr\u00eat\u00e9 en compagnie de leur fils en d\u00e9cembre 2023 en Espagne, alors qu\u2019ils embarquaient&hellip;\n","protected":false},"author":2,"featured_media":254960,"comment_status":"","ping_status":"","sticky":false,"template":"","format":"standard","meta":{"footnotes":""},"categories":[2817],"tags":[1111,11,1997,1777,674,1742,1011,27,12,2219,25],"class_list":{"0":"post-254959","1":"post","2":"type-post","3":"status-publish","4":"format-standard","5":"has-post-thumbnail","7":"category-bordeaux","8":"tag-actu","9":"tag-actualites","10":"tag-bordeaux","11":"tag-eu","12":"tag-europe","13":"tag-fils","14":"tag-fr","15":"tag-france","16":"tag-news","17":"tag-nouvelle-aquitaine","18":"tag-republique-francaise"},"share_on_mastodon":{"url":"https:\/\/pubeurope.com\/@fr\/114870984632806510","error":""},"_links":{"self":[{"href":"https:\/\/www.europesays.com\/fr\/wp-json\/wp\/v2\/posts\/254959","targetHints":{"allow":["GET"]}}],"collection":[{"href":"https:\/\/www.europesays.com\/fr\/wp-json\/wp\/v2\/posts"}],"about":[{"href":"https:\/\/www.europesays.com\/fr\/wp-json\/wp\/v2\/types\/post"}],"author":[{"embeddable":true,"href":"https:\/\/www.europesays.com\/fr\/wp-json\/wp\/v2\/users\/2"}],"replies":[{"embeddable":true,"href":"https:\/\/www.europesays.com\/fr\/wp-json\/wp\/v2\/comments?post=254959"}],"version-history":[{"count":0,"href":"https:\/\/www.europesays.com\/fr\/wp-json\/wp\/v2\/posts\/254959\/revisions"}],"wp:featuredmedia":[{"embeddable":true,"href":"https:\/\/www.europesays.com\/fr\/wp-json\/wp\/v2\/media\/254960"}],"wp:attachment":[{"href":"https:\/\/www.europesays.com\/fr\/wp-json\/wp\/v2\/media?parent=254959"}],"wp:term":[{"taxonomy":"category","embeddable":true,"href":"https:\/\/www.europesays.com\/fr\/wp-json\/wp\/v2\/categories?post=254959"},{"taxonomy":"post_tag","embeddable":true,"href":"https:\/\/www.europesays.com\/fr\/wp-json\/wp\/v2\/tags?post=254959"}],"curies":[{"name":"wp","href":"https:\/\/api.w.org\/{rel}","templated":true}]}}