{"id":25497,"date":"2025-04-15T00:13:20","date_gmt":"2025-04-15T00:13:20","guid":{"rendered":"https:\/\/www.europesays.com\/fr\/25497\/"},"modified":"2025-04-15T00:13:20","modified_gmt":"2025-04-15T00:13:20","slug":"strasbourg-planter-bricoler-arroser-on-a-teste-latelier-dimanche-au-jardin-de-loree-85","status":"publish","type":"post","link":"https:\/\/www.europesays.com\/fr\/25497\/","title":{"rendered":"Strasbourg. Planter, bricoler, arroser&#8230;. On a test\u00e9 l\u2019atelier \u00ab\u00a0Dimanche au jardin\u00a0\u00bb de l\u2019Or\u00e9e 85"},"content":{"rendered":"<p>\u00ab\u00a0Oh les jolis radis, ce sont ceux qu\u2019on a plant\u00e9s la derni\u00e8re fois\u00a0!\u00a0\u00bb, s\u2019exclame Baptiste, huit ans, ses mains gant\u00e9es plong\u00e9es dans la terre. Ce dimanche 13 avril apr\u00e8s-midi, je rejoins la dizaine de personnes venue participer \u00e0 l\u2019atelier de jardinage participatif de l\u2019Or\u00e9e 85.<\/p>\n<p>  210 m\u00b2  de potager et 550 m\u00b2  de jardin<\/p>\n<p>Tous les ans, le tiers-lieu organise environ une fois par mois, de mars \u00e0 octobre, des rendez-vous ouverts \u00e0 tous pour entretenir leur potager de 120 m2 , leur serre et leur jardin de 550 m2.<\/p>\n<p>En fonction de la saison, il faut bricoler, semer, replanter, arroser, r\u00e9colter\u2026 Cet apr\u00e8s-midi, les participants doivent notamment s\u2019occuper de l\u2019installation d\u2019un syst\u00e8me d\u2019irrigation pour le potager. Baptiste et sa m\u00e8re Alice, deux habitu\u00e9s, s\u2019y attellent en bavardant. \u00ab\u00a0Nous aimons beaucoup aller dans la nature, et je pense qu\u2019il est tr\u00e8s important pour un enfant d\u2019avoir un lien avec la terre\u00a0\u00bb explique-t-elle en se rem\u00e9morant sa propre enfance dans le jardin de ses grands-parents. \u00ab\u00a0J\u2019apprends \u00e0 conna\u00eetre de nouvelles plantes, je nourris les insectes et moi\u00a0!\u00a0\u00bb, s\u2019exclame le petit gar\u00e7on en croquant dans un radis.<\/p>\n<p>\u00c0 quelques pas, Hakim, 30 ans, d\u00e9racine quelques herbes mal plac\u00e9es. \u00ab\u00a0Je participe au jardin depuis l\u2019ann\u00e9e derni\u00e8re car j\u2019aime le fait d\u2019aider et d\u2019apprendre en m\u00eame temps.\u00a0\u00bb En effet, ces ateliers sont anim\u00e9s par <a href=\"https:\/\/www.dna.fr\/culture-loisirs\/2025\/02\/16\/avec-sa-bourse-aux-graines-le-jardin-jacoutot-met-le-troc-a-l-honneur\" target=\"_blank\" rel=\"nofollow noopener\">la jardini\u00e8re Gaby Guthmann<\/a> qui en conna\u00eet un rayon sur la permaculture. \u00ab\u00a0J\u2019ai grandi dans une ferme traditionnelle, avec de grands champs, de l\u2019engrais, de grosses machines\u2026 Il y a 15 ans, j\u2019ai entendu parler de cette forme plus respectueuse qu\u2019est la permaculture et je me suis lanc\u00e9e. Cela m\u2019a tout de suite parl\u00e9, car je veux laisser une bonne terre \u00e0 nos enfants et je veux manger des produits bons pour ma sant\u00e9\u00a0\u00bb, retrace-t-elle. Elle donne un coup de main \u00e0 l\u2019Or\u00e9e depuis sa cr\u00e9ation et y transmet ses connaissances. \u00ab\u00a0Le jardinage est b\u00e9n\u00e9fique pour tous. On y apprend la patience et la satisfaction de faire quelque chose de ses mains. \u00c7a d\u00e9stresse aussi\u00a0\u00bb, sourit-elle.<\/p>\n<p>  Cr\u00e9er du lien avec la nature et les autres<\/p>\n<p>Si l\u2019id\u00e9e d\u2019un jardin participatif a toujours fait partie du projet de l\u2019Or\u00e9e 85, \u00ab\u00a0les ateliers de jardinage ont mis un peu de temps \u00e0 vraiment d\u00e9marrer. Mais c\u2019est quelque chose que nous voulons renforcer en invitant des centres socioculturels ou des \u00e9coles notamment\u00a0\u00bb, expose Maxime Billmann, l\u2019un des co-cr\u00e9ateurs. Le but est que ce petit \u00eelot de nature accessible aux citadins soit aussi l\u2019occasion de cr\u00e9er du lien entre des personnes de divers horizons et \u00e2ges. \u00ab\u00a0Les participants commencent \u00e0 jardiner c\u00f4t\u00e9 \u00e0 c\u00f4t\u00e9, se posent des questions pratiques, puis \u00e7a d\u00e9rive rapidement sur des discussions plus personnelles. On a d\u00e9j\u00e0 assist\u00e9 \u00e0 de belles rencontres\u00a0\u00bb, se r\u00e9jouit Maxime.<\/p>\n<p>Gratuite et ouverte \u00e0 tous, cette initiative est financ\u00e9e par la Ville dans le cadre du dispositif Z\u00e9ro d\u00e9chet.<\/p>\n<p class=\"note\">L\u2019Or\u00e9e 85, 32, Impasse de l\u2019Ecluse. Contacter contact@oree85.org pour participer.<\/p>\n","protected":false},"excerpt":{"rendered":"\u00ab\u00a0Oh les jolis radis, ce sont ceux qu\u2019on a plant\u00e9s la derni\u00e8re fois\u00a0!\u00a0\u00bb, s\u2019exclame Baptiste, huit ans, ses&hellip;\n","protected":false},"author":2,"featured_media":25498,"comment_status":"","ping_status":"","sticky":false,"template":"","format":"standard","meta":{"footnotes":""},"categories":[2820],"tags":[1111,11,1687,2880,436,1777,674,107,1011,27,775,3354,12,25,640,2879],"class_list":{"0":"post-25497","1":"post","2":"type-post","3":"status-publish","4":"format-standard","5":"has-post-thumbnail","7":"category-strasbourg","8":"tag-actu","9":"tag-actualites","10":"tag-culture-loisirs","11":"tag-edition-strasbourg","12":"tag-environnement","13":"tag-eu","14":"tag-europe","15":"tag-fil-info","16":"tag-fr","17":"tag-france","18":"tag-grand-est","19":"tag-jardin","20":"tag-news","21":"tag-republique-francaise","22":"tag-strasbourg","23":"tag-strasbourg-ville"},"share_on_mastodon":{"url":"https:\/\/pubeurope.com\/@fr\/114339093212947434","error":""},"_links":{"self":[{"href":"https:\/\/www.europesays.com\/fr\/wp-json\/wp\/v2\/posts\/25497","targetHints":{"allow":["GET"]}}],"collection":[{"href":"https:\/\/www.europesays.com\/fr\/wp-json\/wp\/v2\/posts"}],"about":[{"href":"https:\/\/www.europesays.com\/fr\/wp-json\/wp\/v2\/types\/post"}],"author":[{"embeddable":true,"href":"https:\/\/www.europesays.com\/fr\/wp-json\/wp\/v2\/users\/2"}],"replies":[{"embeddable":true,"href":"https:\/\/www.europesays.com\/fr\/wp-json\/wp\/v2\/comments?post=25497"}],"version-history":[{"count":0,"href":"https:\/\/www.europesays.com\/fr\/wp-json\/wp\/v2\/posts\/25497\/revisions"}],"wp:featuredmedia":[{"embeddable":true,"href":"https:\/\/www.europesays.com\/fr\/wp-json\/wp\/v2\/media\/25498"}],"wp:attachment":[{"href":"https:\/\/www.europesays.com\/fr\/wp-json\/wp\/v2\/media?parent=25497"}],"wp:term":[{"taxonomy":"category","embeddable":true,"href":"https:\/\/www.europesays.com\/fr\/wp-json\/wp\/v2\/categories?post=25497"},{"taxonomy":"post_tag","embeddable":true,"href":"https:\/\/www.europesays.com\/fr\/wp-json\/wp\/v2\/tags?post=25497"}],"curies":[{"name":"wp","href":"https:\/\/api.w.org\/{rel}","templated":true}]}}