{"id":254970,"date":"2025-07-17T22:46:18","date_gmt":"2025-07-17T22:46:18","guid":{"rendered":"https:\/\/www.europesays.com\/fr\/254970\/"},"modified":"2025-07-17T22:46:18","modified_gmt":"2025-07-17T22:46:18","slug":"heureusement-quon-ne-les-a-pas-ecoutes-a-marseille-la-colere-des-victimes-du-feu-et-la-justification-des-autorites","status":"publish","type":"post","link":"https:\/\/www.europesays.com\/fr\/254970\/","title":{"rendered":"\u00ab\u00a0Heureusement qu&rsquo;on ne les a pas \u00e9cout\u00e9s\u00a0\u00bb : \u00e0 Marseille, la col\u00e8re des victimes du feu et la justification des autorit\u00e9s"},"content":{"rendered":"<ul class=\"jsx-862013697 ArticleChapo__List\">\n<li class=\"jsx-862013697 ArticleChapo__List_Item flex\">Une semaine apr\u00e8s les violents incendies qui ont ravag\u00e9 les quartiers nord de Marseille, les sinistr\u00e9s sont encore sous le choc.<\/li>\n<li class=\"jsx-862013697 ArticleChapo__List_Item flex\">Ils ne comprennent toujours pas l&rsquo;ordre d&rsquo;alerte donn\u00e9 par les autorit\u00e9s au moment de l&rsquo;incendie.<\/li>\n<li class=\"jsx-862013697 ArticleChapo__List_Item flex\">Face aux critiques, le pr\u00e9fet des Bouches-du-Rh\u00f4ne a publi\u00e9 une inhabituelle mise au point.<\/li>\n<\/ul>\n<p><a href=\"https:\/\/www.tf1info.fr\/emissions\/tf1\/le-13h-10927\/\" rel=\"noopener\" class=\"jsx-484472199 Link jsx-1428418400 jsx-640816507\" target=\"_blank\"><\/p>\n<p style=\"font-weight:400\" class=\"jsx-1837267516\">Suivez la couverture compl\u00e8te<\/p>\n<p style=\"font-weight:800\" class=\"jsx-1837267516\">Le 13H<\/p>\n<p><\/a><\/p>\n<p data-module=\"article-paragraph\" class=\"jsx-3046738180 Paragraph Paragraph__End\">Apr\u00e8s la panique, place \u00e0 la col\u00e8re. Une semaine apr\u00e8s les violents incendies <a href=\"https:\/\/www.tf1info.fr\/meteo\/reportage-video-c-est-l-apocalypse-les-images-marquantes-de-l-incendie-a-marseille-2381738.html\" target=\"_blank\" rel=\"noopener\">qui ont ravag\u00e9 les quartiers nord de Marseille<\/a>, les sinistr\u00e9s sont encore sous le choc, \u00e0 l&rsquo;image d&rsquo;Alexandra Lacroix, qui t\u00e9moigne dans le reportage du JT de TF1 ci-dessus. Cette habitante du 16\u1d49 arrondissement <a href=\"https:\/\/www.tf1info.fr\/regions\/video-reportage-on-est-completement-sequestres-a-marseille-la-colere-des-habitants-bloques-malgre-la-fin-des-incendies-2382131.html\" target=\"_blank\" rel=\"noopener\">a vu sa maison partir en fum\u00e9e<\/a>. \u00ab\u00a0L\u00e0, c&rsquo;est mon entr\u00e9e, l\u00e0 ma salle \u00e0 manger, ma cuisine l\u00e0-bas, mes toilettes et ma salle de bain\u00a0\u00bb, montre-t-elle face \u00e0 notre cam\u00e9ra, au milieu d&rsquo;un champ de ruines.\u00a0<\/p>\n<p data-module=\"article-paragraph\" class=\"jsx-3046738180 Paragraph Paragraph__End\">Alors qu&rsquo;un nouveau feu s&rsquo;est d\u00e9clar\u00e9 ce jeudi matin dans les Bouches-du-Rh\u00f4ne, elle ne comprend toujours pas les ordres donn\u00e9s par les autorit\u00e9s au moment du grand incendie. \u00ab\u00a0Message du pr\u00e9fet des Bouches-du-Rh\u00f4ne : &lsquo;Confinez-vous dans un b\u00e2timent dur, restez les volets ferm\u00e9s&rsquo;. C&rsquo;est pas grave \u00e7a ? Heureusement qu&rsquo;on ne les a pas \u00e9cout\u00e9s, sinon il y aurait eu douze familles br\u00fbl\u00e9es. Je n&rsquo;ai pas de mots, je ne sais pas quoi vous dire. En attendant, vous voyez, je n&rsquo;ai plus rien\u00a0\u00bb, d\u00e9plore-t-elle.<\/p>\n<p>Les pompiers sont-ils arriv\u00e9s trop tard ? <\/p>\n<p data-module=\"article-paragraph\" class=\"jsx-3046738180 Paragraph\">Claude, un autre habitant, a \u00e9vit\u00e9 de justesse la catastrophe. Pendant de longues heures, il a lutt\u00e9 contre le feu avec un simple tuyau. \u00ab\u00a0Je crois que je l&rsquo;ai retard\u00e9 un peu, mais \u00e7a allait tellement vite avec le vent qu&rsquo;il y avait, ce n&rsquo;est pas un peu d&rsquo;eau qui va arranger \u00e7a\u00a0\u00bb, explique-t-il.\u00a0Les pompiers, je pensais qu&rsquo;ils arriveraient avant que je me casse. Et puis je ne les ai pas vus&#8230; Apr\u00e8s, il a fallu que je parte.\u00a0\u00bb<\/p>\n<p data-module=\"article-paragraph\" class=\"jsx-3046738180 Paragraph Paragraph__End\">M\u00eame sc\u00e9nario pour Evelyne Mazade, qui a racont\u00e9 \u00e0 l&rsquo;AFP avoir fini par sortir de chez elle arm\u00e9e de deux seaux d&rsquo;eau pour tenter d&rsquo;\u00e9teindre le feu qui ravageait son sous-sol. Les flammes sont arriv\u00e9es vers 15h45 chez elle, et les pompiers autour de 18 heures. \u00ab\u00a0Et ils venaient de Nice, donc j&rsquo;ai d\u00fb leur montrer o\u00f9 \u00e9taient les bornes incendies\u00a0\u00bb, souligne cette retrait\u00e9e qui cherche aujourd&rsquo;hui \u00e0 se reloger avec son chien.\u00a0<\/p>\n<p>Incendie \u00e0 Marseille : traumatisme et col\u00e8re des habitantsSource : JT 20h Semaine<\/p>\n<p><img decoding=\"async\" src=\"https:\/\/www.europesays.com\/fr\/wp-content\/uploads\/2025\/07\/incendie-a-marseille-traumatisme-et-colere-des-habitants-a9c481-0@1x.jpeg\" alt=\"Incendie \u00e0 Marseille : traumatisme et col\u00e8re des habitants\" loading=\"lazy\" importance=\"low\" fetchpriority=\"low\" class=\"\"\/><img decoding=\"async\" src=\"https:\/\/www.tf1info.fr\/images\/icons\/player-logo-play.svg\" alt=\"Logo lecture\" class=\"jsx-d0de44c05fe3042c PlayerLazyload__Play\"\/><\/p>\n<p data-module=\"article-paragraph\" class=\"jsx-3046738180 Paragraph\">L&rsquo;ordre de confinement \u00e9tait-il tenable, alors que les flammes arrivaient aux portes des maisons ? Les pompiers et les Canadairs sont-ils arriv\u00e9s trop tard dans certains quartiers de Marseille ? Comment un incendie <a href=\"https:\/\/www.tf1info.fr\/meteo\/photo-incendie-pres-de-marseille-le-panache-de-fumee-vu-du-ciel-2381733.html\" target=\"_blank\" rel=\"noopener\">dont le d\u00e9part a \u00e9t\u00e9 signal\u00e9 trois heures plus t\u00f4t a-t-il pu ravager plus de 70 logements<\/a> ? Des sinistr\u00e9s en sont persuad\u00e9s : il y a eu un probl\u00e8me dans la gestion de la crise.<\/p>\n<p data-module=\"article-paragraph\" class=\"jsx-3046738180 Paragraph Paragraph__End\">Toutes ces questions sont revenues en boucle lors d&rsquo;une r\u00e9union houleuse organis\u00e9e mardi soir par la ville de Marseille \u00e0 l&rsquo;Estaque. De nombreux habitants ont d\u00e9nonc\u00e9 la mauvaise gestion des autorit\u00e9s. Samia Ghali, maire-adjointe de Marseille qui pilotait cette r\u00e9union, confirme ce jeudi aupr\u00e8s de l&rsquo;AFP que les \u00e9changes ont tr\u00e8s rapidement tourn\u00e9 sur l&rsquo;organisation des secours : \u00ab\u00a0La col\u00e8re des sinistr\u00e9s est l\u00e9gitime, il s&rsquo;agit d&rsquo;essayer de comprendre pourquoi on leur a dit de rester confin\u00e9s quand il y a le feu devant leur porte, et pourquoi les habitants ont vu arriver des pompiers des Alpes-Maritimes, qui ne connaissent pas ces quartiers escarp\u00e9s, alors que les marins-pompiers de Marseille, oui\u00a0\u00bb. Une autre assembl\u00e9e de sinistr\u00e9s et d\u00e9log\u00e9s du 16e arrondissement est pr\u00e9vue jeudi en fin de journ\u00e9e.\u00a0<\/p>\n<p>Le pr\u00e9fet \u00ab\u00a0assume\u00a0\u00bb tous ses choix<\/p>\n<p data-module=\"article-paragraph\" class=\"jsx-3046738180 Paragraph Paragraph__End\">De son c\u00f4t\u00e9, Georges-Fran\u00e7ois Leclerc, le pr\u00e9fet des Bouches-du-Rh\u00f4ne, a fait une mise au point dans un communiqu\u00e9 publi\u00e9 dans la nuit de mercredi \u00e0 jeudi. \u00ab\u00a0L&rsquo;ordre de confinement a \u00e9t\u00e9 donn\u00e9 pour \u00e9viter de mettre les populations en danger. De trop importants embouteillages auraient emp\u00each\u00e9 l&rsquo;intervention des pompiers\u00a0\u00bb, s&rsquo;y justifie-t-il, disant \u00ab\u00a0assumer la totalit\u00e9 des d\u00e9cisions qui ont \u00e9t\u00e9 prises afin de garantir et surtout de r\u00e9ussir \u00e0 prot\u00e9ger la population\u00a0\u00bb.<\/p>\n<p data-module=\"article-paragraph\" class=\"jsx-3046738180 Paragraph\">Au total, 875 pompiers des Bouches-du-Rh\u00f4ne et des marins-pompiers de Marseille ont \u00e9t\u00e9 d\u00e9ploy\u00e9s, renforc\u00e9s par 500 pompiers d&rsquo;autres d\u00e9partements, appuy\u00e9s par 260 engins et 17 moyens a\u00e9riens, dont 7 Canadair. Ces interventions \u00ab\u00a0ont permis d\u2019\u00e9viter le pire\u00a0\u00bb, assure le pr\u00e9fet qui souligne qu&rsquo;il n&rsquo;y a eu \u00ab\u00a0aucune perte humaine\u00a0\u00bb, \u00ab\u00a0aucun bless\u00e9 grave\u00a0\u00bb, et \u00ab\u00a0pr\u00e8s d\u2019un millier d&rsquo;habitations sauv\u00e9es\u00a0\u00bb. \u00ab\u00a0Le feu de Marseille est une r\u00e9ussite op\u00e9rationnelle parce qu&rsquo;il n&rsquo;y a pas de bless\u00e9s lourds ni de morts, souligne aussi aupr\u00e8s de TF1 Gr\u00e9gory Allione, d\u00e9put\u00e9 europ\u00e9en Renew et ancien pr\u00e9sident de la F\u00e9d\u00e9ration nationale des sapeurs-pompiers. Il faut le relever au-del\u00e0 des difficult\u00e9s qu&rsquo;ils ont pu conna\u00eetre, li\u00e9es au relief et aux conditions op\u00e9rationnelles.\u00a0\u00bb\u00a0<\/p>\n<p data-module=\"article-paragraph\" class=\"jsx-3046738180 Paragraph Paragraph__End\">Ce jeudi encore, le vent souffle fort sur Marseille. Le d\u00e9partement est class\u00e9 en risque tr\u00e8s s\u00e9v\u00e8re d&rsquo;incendie.\u00a0<\/p>\n<p>La r\u00e9daction de TF1info | Reportage : Sonia BOUJAMAA, Fr\u00e9d\u00e9ric MIARA, Anna MAZZER PIRODON<\/p>\n","protected":false},"excerpt":{"rendered":"Une semaine apr\u00e8s les violents incendies qui ont ravag\u00e9 les quartiers nord de Marseille, les sinistr\u00e9s sont encore&hellip;\n","protected":false},"author":2,"featured_media":254971,"comment_status":"","ping_status":"","sticky":false,"template":"","format":"standard","meta":{"footnotes":""},"categories":[2814],"tags":[1111,11,1921,1777,674,1011,27,1310,1922,2954,5008,884,12,4775,882,25,199,133,2953],"class_list":{"0":"post-254970","1":"post","2":"type-post","3":"status-publish","4":"format-standard","5":"has-post-thumbnail","7":"category-marseille","8":"tag-actu","9":"tag-actualites","10":"tag-article-video","11":"tag-eu","12":"tag-europe","13":"tag-fr","14":"tag-france","15":"tag-incendie","16":"tag-info","17":"tag-justice-et-faits-divers","18":"tag-le-13h","19":"tag-marseille","20":"tag-news","21":"tag-pompier","22":"tag-provence-alpes-cote-dazur","23":"tag-republique-francaise","24":"tag-tf1","25":"tag-video","26":"tag-video-police"},"share_on_mastodon":{"url":"https:\/\/pubeurope.com\/@fr\/114871008317400530","error":""},"_links":{"self":[{"href":"https:\/\/www.europesays.com\/fr\/wp-json\/wp\/v2\/posts\/254970","targetHints":{"allow":["GET"]}}],"collection":[{"href":"https:\/\/www.europesays.com\/fr\/wp-json\/wp\/v2\/posts"}],"about":[{"href":"https:\/\/www.europesays.com\/fr\/wp-json\/wp\/v2\/types\/post"}],"author":[{"embeddable":true,"href":"https:\/\/www.europesays.com\/fr\/wp-json\/wp\/v2\/users\/2"}],"replies":[{"embeddable":true,"href":"https:\/\/www.europesays.com\/fr\/wp-json\/wp\/v2\/comments?post=254970"}],"version-history":[{"count":0,"href":"https:\/\/www.europesays.com\/fr\/wp-json\/wp\/v2\/posts\/254970\/revisions"}],"wp:featuredmedia":[{"embeddable":true,"href":"https:\/\/www.europesays.com\/fr\/wp-json\/wp\/v2\/media\/254971"}],"wp:attachment":[{"href":"https:\/\/www.europesays.com\/fr\/wp-json\/wp\/v2\/media?parent=254970"}],"wp:term":[{"taxonomy":"category","embeddable":true,"href":"https:\/\/www.europesays.com\/fr\/wp-json\/wp\/v2\/categories?post=254970"},{"taxonomy":"post_tag","embeddable":true,"href":"https:\/\/www.europesays.com\/fr\/wp-json\/wp\/v2\/tags?post=254970"}],"curies":[{"name":"wp","href":"https:\/\/api.w.org\/{rel}","templated":true}]}}