{"id":254974,"date":"2025-07-17T22:48:11","date_gmt":"2025-07-17T22:48:11","guid":{"rendered":"https:\/\/www.europesays.com\/fr\/254974\/"},"modified":"2025-07-17T22:48:11","modified_gmt":"2025-07-17T22:48:11","slug":"le-maire-ecolo-de-lyon-se-paye-textor-et-aulas-france-olympique-lyonnais","status":"publish","type":"post","link":"https:\/\/www.europesays.com\/fr\/254974\/","title":{"rendered":"Le maire \u00e9colo de Lyon se paye Textor et Aulas &#8211; France &#8211; Olympique lyonnais"},"content":{"rendered":"<p>Un Vert qui hait un dirigeant lyonnais, rien d\u2019anormal.<\/p>\n<p>Dans un entretien accord\u00e9 ce jeudi \u00e0 <a target=\"_blank\" href=\"https:\/\/www.lequipe.fr\/Football\/Article\/-textor-on-ne-peut-pas-le-dedouaner-les-verites-de-gregory-doucet-le-maire-de-lyon-sur-l-ol\/1578886\" rel=\"nofollow noopener\">L\u2019\u00c9quipe<\/a>, <strong>le maire \u00e9cologiste de Lyon Gr\u00e9gory Doucet a r\u00e9agi au r\u00e9cent sauvetage de l\u2019OL devant la DNCG<\/strong>, <a target=\"_blank\" href=\"https:\/\/www.sofoot.com\/breves\/lol-maintenu-en-ligue-1-par-la-dncg\" rel=\"nofollow noopener\">et le maintien du club en appel en Ligue 1<\/a>, alors que celui-ci est en proie \u00e0 d\u2019importants soucis financiers. Soulag\u00e9 par cette d\u00e9cision qui a tr\u00e8s certainement emp\u00each\u00e9 la catastrophe industrielle entre Rh\u00f4ne et Sa\u00f4ne, <strong>l\u2019\u00e9dile lyonnais n\u2019a pas eu de mots tr\u00e8s tendres \u00e0 l\u2019encontre de John Textor<\/strong>.<\/p>\n<p>\u00ab\u202fOn ne peut pas le d\u00e9douaner\u202f\u00bb, a-t-il simplement d\u00e9clar\u00e9 \u00e0 nos confr\u00e8res, et se dit plus confiant envers la nouvelle direction, incarn\u00e9e par Michele Kang. \u00ab\u202fSon intelligence relationnelle, en arrivant, a \u00e9t\u00e9 d\u2019aller rencontrer tout l\u2018\u00e9cosyst\u00e8me territorial, notamment politique. \u00c0 la diff\u00e9rence de John Textor\u202f\u00bb, mart\u00e8le Gr\u00e9gory Doucet quant \u00e0 celle qui enfilera cette saison la double casquette de pr\u00e9sidente ex\u00e9cutive de l\u2019OL et de propri\u00e9taire d\u2019OL Lyonnes.<\/p>\n<p>Les municipales d\u00e9j\u00e0 lanc\u00e9es<\/p>\n<p>Maire sortant aux \u00e9lections municipales de l\u2019ann\u00e9e prochaine, l\u2019actuel maire de Lyon n\u2019oublie pas son domaine de pr\u00e9dilection. Pour ce dernier, l\u2019ex-pr\u00e9sident de l\u2019OL Jean-Michel Aulas <a target=\"_blank\" href=\"https:\/\/www.lequipe.fr\/Football\/Actualites\/Sur-la-situation-de-l-ol-le-maire-de-lyon-gregory-doucet-ne-menage-pas-son-probable-concurrent-aux-municipales-jean-michel-aulas-a-necessairement-une-responsabilite\/1578922\" rel=\"nofollow noopener\">\u00ab\u202fa n\u00e9cessairement une responsabilit\u00e9\u00a0\u00bb<\/a>\u00a0dans le cauchemar \u00e9conomique dans lequel s\u2019est enlis\u00e9 l\u2019OL ces derni\u00e8res ann\u00e9es, en pr\u00e9cisant tout de m\u00eame qu\u2019il \u00ab\u202fa \u00e9t\u00e9 un remarquable pr\u00e9sident de l\u2019OL\u202f\u00bb. <strong>Ce m\u00eame JMA, futur adversaire potentiel de Gr\u00e9gory Doucet l\u2019ann\u00e9e prochaine \u00e0 la mairie de Lyon<\/strong>, devrait annoncer sa candidature dans un futur proche.<\/p>\n<p>\u00c0 Lyon, foot et politique n\u2019ont jamais sembl\u00e9 \u00eatre aussi li\u00e9s.<\/p>\n<p>\t\t\t\t\t\t\t\t\t\t<a class=\"lien-connexe\" href=\"https:\/\/www.sofoot.com\/breves\/latletico-de-madrid-annonce-larrivee-imminente-de-thiago-almada\" rel=\"nofollow noopener\" target=\"_blank\">L\u2019Atl\u00e9tico de Madrid annonce l\u2019arriv\u00e9e imminente de Thiago Almada<\/a>\t\t\t\t\t<\/p>\n","protected":false},"excerpt":{"rendered":"Un Vert qui hait un dirigeant lyonnais, rien d\u2019anormal. Dans un entretien accord\u00e9 ce jeudi \u00e0 L\u2019\u00c9quipe, le&hellip;\n","protected":false},"author":2,"featured_media":254975,"comment_status":"","ping_status":"","sticky":false,"template":"","format":"standard","meta":{"footnotes":""},"categories":[1889],"tags":[1111,47,11,61,2430,69,65,64,1777,674,63,1011,27,68,66,2428,12,62,70,25,67],"class_list":{"0":"post-254974","1":"post","2":"type-post","3":"status-publish","4":"format-standard","5":"has-post-thumbnail","7":"category-lyon","8":"tag-actu","9":"tag-actualite","10":"tag-actualites","11":"tag-actus-football","12":"tag-auvergne-rhone-alpes","13":"tag-bundesliga","14":"tag-championnats-europeens","15":"tag-equipe-de-france","16":"tag-eu","17":"tag-europe","18":"tag-football","19":"tag-fr","20":"tag-france","21":"tag-ligua","22":"tag-ligue-1","23":"tag-lyon","24":"tag-news","25":"tag-news-foot","26":"tag-premier-league","27":"tag-republique-francaise","28":"tag-serie-a"},"share_on_mastodon":{"url":"https:\/\/pubeurope.com\/@fr\/114871016035104144","error":""},"_links":{"self":[{"href":"https:\/\/www.europesays.com\/fr\/wp-json\/wp\/v2\/posts\/254974","targetHints":{"allow":["GET"]}}],"collection":[{"href":"https:\/\/www.europesays.com\/fr\/wp-json\/wp\/v2\/posts"}],"about":[{"href":"https:\/\/www.europesays.com\/fr\/wp-json\/wp\/v2\/types\/post"}],"author":[{"embeddable":true,"href":"https:\/\/www.europesays.com\/fr\/wp-json\/wp\/v2\/users\/2"}],"replies":[{"embeddable":true,"href":"https:\/\/www.europesays.com\/fr\/wp-json\/wp\/v2\/comments?post=254974"}],"version-history":[{"count":0,"href":"https:\/\/www.europesays.com\/fr\/wp-json\/wp\/v2\/posts\/254974\/revisions"}],"wp:featuredmedia":[{"embeddable":true,"href":"https:\/\/www.europesays.com\/fr\/wp-json\/wp\/v2\/media\/254975"}],"wp:attachment":[{"href":"https:\/\/www.europesays.com\/fr\/wp-json\/wp\/v2\/media?parent=254974"}],"wp:term":[{"taxonomy":"category","embeddable":true,"href":"https:\/\/www.europesays.com\/fr\/wp-json\/wp\/v2\/categories?post=254974"},{"taxonomy":"post_tag","embeddable":true,"href":"https:\/\/www.europesays.com\/fr\/wp-json\/wp\/v2\/tags?post=254974"}],"curies":[{"name":"wp","href":"https:\/\/api.w.org\/{rel}","templated":true}]}}