{"id":254977,"date":"2025-07-17T22:50:10","date_gmt":"2025-07-17T22:50:10","guid":{"rendered":"https:\/\/www.europesays.com\/fr\/254977\/"},"modified":"2025-07-17T22:50:10","modified_gmt":"2025-07-17T22:50:10","slug":"ce-petit-incident-parmi-les-candidates-a-lecharpe-de-miss-ile-de-france","status":"publish","type":"post","link":"https:\/\/www.europesays.com\/fr\/254977\/","title":{"rendered":"ce petit incident parmi les candidates \u00e0 l\u2019\u00e9charpe de Miss \u00cele-de-France"},"content":{"rendered":"<p>                                        <img decoding=\"async\" src=\"https:\/\/www.europesays.com\/fr\/wp-content\/uploads\/2025\/07\/3794449ef52ff056bc10929136ee37f059deae6494bd5869eddf0f6b37bbf3fc.jpg\" alt=\"GALA VIDEO - Miss France\u00a0: ce qu'il faut conna\u00eetre\" class=\"a11y-hidden\"\/><\/p>\n<p class=\"fig-standfirst\">Miss Essonne a eu un petit accident lors d\u2019une sortie loisir organis\u00e9e avec les pr\u00e9tendantes au titre de Miss \u00cele-de-France. Stella Capitaine a partag\u00e9 une image de sa m\u00e9saventure.<\/p>\n<p class=\"fig-paragraph\">Les \u00e9lections de Miss r\u00e9gionales sont en cours un peu partout en France. Certaines r\u00e9gions telles que<a href=\"https:\/\/www.gala.fr\/l_actu\/news_de_stars\/miss-france-2026-tout-ce-qu-il-faut-savoir-sur-julie-decroix-elue-miss-alsace-20250630\" target=\"_blank\" data-fig-type=\"Article\" rel=\"sponsored noopener nofollow\" data-gtm-custom-categorie=\"navigation\" data-gtm-custom-action=\"crossclick\" data-gtm-custom-label=\"Contextuel\" data-gtm-event=\"customEventSPE\" data-fig-domain=\"GALA\">\u00a0l\u2019Alsace,<\/a>\u00a0la Guyane,\u00a0<a href=\"https:\/\/www.gala.fr\/l_actu\/news_de_stars\/miss-france-2026-tout-ce-qu-il-faut-savoir-sur-victoire-dupuis-elue-miss-normandie-20250614\" target=\"_blank\" data-fig-type=\"Article\" rel=\"sponsored noopener nofollow\" data-gtm-custom-categorie=\"navigation\" data-gtm-custom-action=\"crossclick\" data-gtm-custom-label=\"Contextuel\" data-gtm-event=\"customEventSPE\" data-fig-domain=\"GALA\">la Normandie<\/a>\u00a0ou l\u2019Auvergne connaissent d\u00e9j\u00e0 leur reine de beaut\u00e9 mais l\u2019\u00cele-de-France n\u2019a pas encore \u00e9lu sa candidate pour l\u2019\u00e9lection de\u00a0<a href=\"http:\/\/www.gala.fr\/l_actu\/news_de_stars\/kev-adams-taquine-sur-ses-relations-avec-des-miss-france-dans-c-a-vous-il-ne-peut-cacher-son-malaise-20250704\" data-fig-type=\"Article\" data-gtm-custom-categorie=\"navigation\" data-gtm-custom-action=\"crossclick\" data-gtm-custom-label=\"Contextuel\" data-gtm-event=\"customEventSPE\" data-fig-domain=\"GALA\" rel=\"nofollow noopener\" target=\"_blank\">Miss France 2026<\/a>. Miss \u00cele-de-France sera sacr\u00e9e le 20 septembre 2025 \u00e0\u00a0<a href=\"https:\/\/www.gala.fr\/l_actu\/news_de_stars\/star-academy-se-marier-au-chateau-de-dammarie-les-lys-cest-possible_537471\" data-fig-type=\"Article\" data-gtm-custom-categorie=\"navigation\" data-gtm-custom-action=\"crossclick\" data-gtm-custom-label=\"Contextuel\" data-gtm-event=\"customEventSPE\" data-fig-domain=\"GALA\" rel=\"nofollow noopener\" target=\"_blank\">Dammarie-les-Lys<\/a>. Lors du week-end d\u2019int\u00e9gration des Miss d\u00e9partementales, Miss Essonne a \u00e9t\u00e9 victime d\u2019un petit accident.<\/p>\n<p class=\"fig-paragraph\">Stella Capitaine, Miss Essonne 2025, se souviendra de son week-end\u00a0! Elle s\u2019est l\u00e9g\u00e8rement bless\u00e9e lors d\u2019une sortie en faisant de la tyrolienne. La jeune femme de 26 ans, qui souhaite profiter de sa visibilit\u00e9 pour mettre en lumi\u00e8re les maladies invisibles, a publi\u00e9 une vid\u00e9o ce mercredi 16 juillet sur son compte TikTok o\u00f9 elle d\u00e9voile son accident. \u00abTu te d\u00e9figures pendant le voyage d\u2019int\u00e9gration Miss \u00cele-de-France\u00bb, a-t-elle d\u00e9clar\u00e9 dans son post la montrant se taper le visage contre la corde d\u2019une tyrolienne. En regardant l\u2019image, ses abonn\u00e9s ont pu constater qu\u2019elle avait le nez \u00e9rafl\u00e9, qui saignait l\u00e9g\u00e8rement, mais Stella Capitaine a assur\u00e9 que sa petite blessure avait disparu depuis. Elle est d\u2019ailleurs la toute premi\u00e8re Miss Essonne car le comit\u00e9 a \u00e9t\u00e9 cr\u00e9\u00e9 en 2024.<\/p>\n<p>    <a href=\"#slideshow-header\"><\/p>\n<p class=\"fig-slideshow__title\">\n                    PHOTOS &#8211; Ang\u00e9lique Angarni-Filopon, Marine Lorphelin&#8230; \u00e0 Roland-Garros, les Miss font preuve de style\n                <\/p>\n<p>    <\/a><\/p>\n<p>                                    <a class=\"fig-a11y-skip a11y-hidden\" href=\"#fig-a11y-skip-main-inarticle\"><br \/>\n        Passer la publicit\u00e9<br \/>\n    <\/a><\/p>\n<p>Miss Alsace 2025 victime d\u2019odieux commentaires racistes\u00a0: une enqu\u00eate a \u00e9t\u00e9 ouverte<\/p>\n<p class=\"fig-paragraph\">Depuis son sacre, le 26 juin dernier,\u00a0<a href=\"http:\/\/www.gala.fr\/l_actu\/news_de_stars\/miss-france-2026-tout-ce-qu-il-faut-savoir-sur-julie-decroix-elue-miss-alsace-20250630\" target=\"_blank\" data-fig-type=\"Article\" rel=\"noopener nofollow\" data-gtm-custom-categorie=\"navigation\" data-gtm-custom-action=\"crossclick\" data-gtm-custom-label=\"Contextuel\" data-gtm-event=\"customEventSPE\" data-fig-domain=\"GALA\">Julie Decroix, Miss Alsace 2025<\/a>\u00a0est la cible de\u00a0<a href=\"https:\/\/www.gala.fr\/l_actu\/news_de_stars\/miss-alsace-2025-victime-d-odieux-commentaires-racistes-une-enquete-a-ete-ouverte-20250709\" target=\"_blank\" data-fig-type=\"Article\" rel=\"sponsored noopener nofollow\" data-gtm-custom-categorie=\"navigation\" data-gtm-custom-action=\"crossclick\" data-gtm-custom-label=\"Contextuel\" data-gtm-event=\"customEventSPE\" data-fig-domain=\"GALA\">multiples attaques et de propos haineux\u00a0<\/a>sur les r\u00e9seaux sociaux en raison de sa couleur de peau. Comme le rapporte\u00a0<a href=\"https:\/\/www.dna.fr\/faits-divers-justice\/2025\/07\/08\/le-parquet-de-paris-saisi-apres-des-commentaires-racistes-visant-miss-alsace-2025\" target=\"_blank\" rel=\"sponsored noopener nofollow\" data-gtm-custom-categorie=\"navigation\" data-gtm-custom-action=\"crossclick\" data-gtm-custom-label=\"Contextuel\" data-gtm-event=\"customEventSPE\">Derni\u00e8res Nouvelles d\u2019Alsace<\/a>, ce mardi 8 juillet, SOS Racisme Alsace a pris la d\u00e9cision de saisir la justice pour d\u00e9noncer des \u00abinjures racistes, des attaques abjectes et inacceptables\u00a0\u00bb. \u00abNous avons \u00e9t\u00e9 profond\u00e9ment choqu\u00e9s et indign\u00e9s. Ces attaques rappellent \u00e0 quel point le racisme demeure une r\u00e9alit\u00e9 violente et insidieuse dans notre soci\u00e9t\u00e9\u00bb, a r\u00e9agi l\u2019association dans un communiqu\u00e9. Miss Alsace 2025 a r\u00e9agi en d\u00e9clarant ne pas d\u00e9poser plainte afin de \u00abrester focalis\u00e9e sur ses objectifs\u00bb mais le comit\u00e9 r\u00e9gional est pr\u00eat \u00e0 d\u00e9poser une plainte. \u00abNous restons tr\u00e8s attentifs. Cette histoire donne une mauvaise image de l\u2019Alsace et des Alsaciens. C\u2019est regrettable. Nous sommes fiers qu\u2019elle repr\u00e9sente notre r\u00e9gion\u00bb, d\u00e9clare Sylvie Zimmermann, d\u00e9l\u00e9gu\u00e9e du comit\u00e9 Miss Alsace au m\u00e9dia.<\/p>\n<p class=\"fig-paragraph\">Article \u00e9crit en collaboration avec 6M\u00e9dias<\/p>\n","protected":false},"excerpt":{"rendered":"Miss Essonne a eu un petit accident lors d\u2019une sortie loisir organis\u00e9e avec les pr\u00e9tendantes au titre de&hellip;\n","protected":false},"author":2,"featured_media":254978,"comment_status":"","ping_status":"","sticky":false,"template":"","format":"standard","meta":{"footnotes":""},"categories":[1592],"tags":[1111,11,1431,5108,1777,674,1011,27,662,3034,12,18243,626,25],"class_list":{"0":"post-254977","1":"post","2":"type-post","3":"status-publish","4":"format-standard","5":"has-post-thumbnail","7":"category-ile-de-france","8":"tag-actu","9":"tag-actualites","10":"tag-blessure","11":"tag-candidate","12":"tag-eu","13":"tag-europe","14":"tag-fr","15":"tag-france","16":"tag-ile-de-france","17":"tag-miss-france","18":"tag-news","19":"tag-nez","20":"tag-paris","21":"tag-republique-francaise"},"share_on_mastodon":{"url":"https:\/\/pubeurope.com\/@fr\/114871023973939163","error":""},"_links":{"self":[{"href":"https:\/\/www.europesays.com\/fr\/wp-json\/wp\/v2\/posts\/254977","targetHints":{"allow":["GET"]}}],"collection":[{"href":"https:\/\/www.europesays.com\/fr\/wp-json\/wp\/v2\/posts"}],"about":[{"href":"https:\/\/www.europesays.com\/fr\/wp-json\/wp\/v2\/types\/post"}],"author":[{"embeddable":true,"href":"https:\/\/www.europesays.com\/fr\/wp-json\/wp\/v2\/users\/2"}],"replies":[{"embeddable":true,"href":"https:\/\/www.europesays.com\/fr\/wp-json\/wp\/v2\/comments?post=254977"}],"version-history":[{"count":0,"href":"https:\/\/www.europesays.com\/fr\/wp-json\/wp\/v2\/posts\/254977\/revisions"}],"wp:featuredmedia":[{"embeddable":true,"href":"https:\/\/www.europesays.com\/fr\/wp-json\/wp\/v2\/media\/254978"}],"wp:attachment":[{"href":"https:\/\/www.europesays.com\/fr\/wp-json\/wp\/v2\/media?parent=254977"}],"wp:term":[{"taxonomy":"category","embeddable":true,"href":"https:\/\/www.europesays.com\/fr\/wp-json\/wp\/v2\/categories?post=254977"},{"taxonomy":"post_tag","embeddable":true,"href":"https:\/\/www.europesays.com\/fr\/wp-json\/wp\/v2\/tags?post=254977"}],"curies":[{"name":"wp","href":"https:\/\/api.w.org\/{rel}","templated":true}]}}