{"id":254979,"date":"2025-07-17T22:51:11","date_gmt":"2025-07-17T22:51:11","guid":{"rendered":"https:\/\/www.europesays.com\/fr\/254979\/"},"modified":"2025-07-17T22:51:11","modified_gmt":"2025-07-17T22:51:11","slug":"enquete-a-paris-sur-des-cheques-de-mbappe-a-des-policiers-actualites","status":"publish","type":"post","link":"https:\/\/www.europesays.com\/fr\/254979\/","title":{"rendered":"Enqu\u00eate \u00e0 Paris sur des ch\u00e8ques de Mbapp\u00e9 \u00e0 des policiers : Actualit\u00e9s"},"content":{"rendered":"<p class=\"lead \">Le parquet de Paris a ouvert une enqu\u00eate sur des ch\u00e8ques que Kylian Mbapp\u00e9 aurait \u00e9mis \u00e0 destination de cinq CRS affect\u00e9s aupr\u00e8s de la F\u00e9d\u00e9ration (FFF), pour de possibles prestations priv\u00e9es irr\u00e9guli\u00e8res, ce que le joueur le capitaine de l&rsquo;\u00e9quipe de France de football conteste.<\/p>\n<p class=\"lead \">Le parquet a confirm\u00e9 vendredi \u00e0 l&rsquo;AFP l&rsquo;information de M6\/RTL selon laquelle il a ouvert une enqu\u00eate \u00ab\u00a0\u00e0 la suite d\u2019un signalement Tracfin\u00a0\u00bb, la cellule de renseignement financier de Bercy, \u00ab\u00a0datant de juillet 2024\u00a0\u00bb et \u00ab\u00a0faisant \u00e9tat d\u2019op\u00e9rations financi\u00e8res atypiques au profit de cinq fonctionnaires de police\u00a0\u00bb affect\u00e9s \u00e0 la protection des \u00e9quipes de France de football\u00a0\u00bb et de trois agents de s\u00e9curit\u00e9 priv\u00e9e\u00a0\u00bb.<\/p>\n<p class=\"lead \">\u00ab\u00a0Une enqu\u00eate judiciaire des chefs de travail dissimul\u00e9 et blanchiment de fraude fiscale a \u00e9t\u00e9 confi\u00e9e \u00e0 la DNE (division nationale des enqu\u00eates \u2013 Inspection g\u00e9n\u00e9rale de la police nationale)\u00a0\u00bb, indique le minist\u00e8re public de la capitale.<\/p>\n<p class=\"lead \">Le parquet pr\u00e9cise: \u00ab\u00a0Les investigations, par essence complexes s\u2019agissant d\u2019op\u00e9rations financi\u00e8res, sont en cours afin de caract\u00e9riser la commission d\u2019infractions p\u00e9nales \u00e9ventuelles et d\u2019en identifier les auteurs le cas \u00e9ch\u00e9ant\u00a0\u00bb.<\/p>\n<p class=\"lead \">Le Canard Encha\u00een\u00e9 indique dans son \u00e9dition de mercredi que l&rsquo;argent du capitaine de l&rsquo;\u00e9quipe de France pourrait lui avoir servi \u00e0 \u00ab\u00a0payer au noir des prestations priv\u00e9es\u00a0\u00bb r\u00e9alis\u00e9es par un commandant de CRS et quatre brigadiers-chefs, pour un montant total de 180.300 euros.<\/p>\n<p class=\"lead \">Le commandant, qui officie depuis plusieurs ann\u00e9es \u00e0 ce poste, l&rsquo;aurait notamment accompagn\u00e9 lors de d\u00e9placements priv\u00e9s au Cameroun et en Provence.<\/p>\n<p class=\"lead \">D&rsquo;apr\u00e8s l&rsquo;hebdomadaire satirique, suite au signalement de Tracfin, l&rsquo;IGPN aurait ouvert une enqu\u00eate administrative et signal\u00e9 les faits au parquet de Paris.<\/p>\n<p class=\"lead \">&#8211; \u00ab\u00a0Respect des r\u00e8gles\u00a0\u00bb &#8211;<\/p>\n<p class=\"lead \">L&rsquo;entourage de l&rsquo;attaquant du Real Madrid a transmis un communiqu\u00e9 dans lequel il assure que \u00ab\u00a0tout a \u00e9t\u00e9 fait dans le respect des r\u00e8gles\u00a0\u00bb \u00ab\u00a0et sans aucune contrepartie\u00a0\u00bb.<\/p>\n<p class=\"lead \">D&rsquo;apr\u00e8s le communiqu\u00e9, \u00ab\u00a0depuis ses d\u00e9buts en \u00e9quipe de France, Kylian Mbapp\u00e9 a toujours choisi de reverser l\u2019int\u00e9gralit\u00e9 de ses primes de s\u00e9lection\u00a0\u00bb.<\/p>\n<p class=\"lead \">\u00ab\u00a0C\u2019est ce qu\u2019il a fait apr\u00e8s la Coupe du Monde 2022, en toute transparence\u00a0\u00bb, aupr\u00e8s d&rsquo;associations mais aussi pour \u00ab\u00a0l&rsquo;ensemble des agents de s\u00e9curit\u00e9 qui ont accompagn\u00e9 l\u2019\u00e9quipe de France, soit huit personnes, dont plusieurs CRS d\u00e9tach\u00e9s aupr\u00e8s de la FFF\u00a0\u00bb.<\/p>\n<p class=\"lead \">S&rsquo;agissant du commandant de police, \u00ab\u00a0il n&rsquo;a jamais \u00e9t\u00e9 r\u00e9mun\u00e9r\u00e9 pour sa pr\u00e9sence aupr\u00e8s de Kylian\u00a0\u00bb, assure le communiqu\u00e9.<\/p>\n<p class=\"lead \">\u00ab\u00a0Tout a \u00e9t\u00e9 fait dans le respect des r\u00e8gles, mais aussi dans l\u2019esprit de la loi, qui autorise un joueur \u00e0 exprimer sa reconnaissance envers celles et ceux qui travaillent dans l\u2019ombre, avec loyaut\u00e9 et engagement\u00a0\u00bb, d&rsquo;apr\u00e8s le document.<\/p>\n<p class=\"lead \">Le Canard encha\u00een\u00e9 affirme qu&rsquo;un conseil de discipline serait pr\u00e9vu pour le commandant de police en automne, et qu&rsquo;il lui serait demand\u00e9 de rembourser des salaires consid\u00e9r\u00e9s comme ind\u00fbment per\u00e7us. <\/p>\n<p class=\"lead \">Sollicit\u00e9 par l&rsquo;AFP, son avocat Me Jean-Baptiste Soufron n&rsquo;a pas souhait\u00e9 commenter.<\/p>\n<p class=\"lead \">Fin 2024, le nom de Kylian Mbapp\u00e9 avait d\u00e9j\u00e0 \u00e9t\u00e9 \u00e9voqu\u00e9 dans une affaire judiciaire, apr\u00e8s l&rsquo;ouverture d&rsquo;une enqu\u00eate pour viol pour des faits commis dans un h\u00f4tel du centre de Stockholm, m\u00eame si le nom du joueur n&rsquo;avait pas \u00e9t\u00e9 explicitement cit\u00e9.<\/p>\n<p class=\"lead \">En d\u00e9cembre, la justice su\u00e9doise avait clos cette enqu\u00eate r\u00e9v\u00e9l\u00e9e par la presse locale, apr\u00e8s que la plaignante avait d\u00e9cid\u00e9 de ne plus coop\u00e9rer \u00e0 l&rsquo;enqu\u00eate.<\/p>\n<p class=\"small font-weight-bold text-gray3 \"> publi\u00e9 le 17 juillet \u00e0 21h22, AFP<\/p>\n<p>                             Partager<\/p>\n","protected":false},"excerpt":{"rendered":"Le parquet de Paris a ouvert une enqu\u00eate sur des ch\u00e8ques que Kylian Mbapp\u00e9 aurait \u00e9mis \u00e0 destination&hellip;\n","protected":false},"author":2,"featured_media":254980,"comment_status":"","ping_status":"","sticky":false,"template":"","format":"standard","meta":{"footnotes":""},"categories":[1888],"tags":[1111,1928,11,1927,1769,18261,1777,674,2257,1011,18259,27,1006,12,1926,626,1925,1072,25],"class_list":{"0":"post-254979","1":"post","2":"type-post","3":"status-publish","4":"format-standard","5":"has-post-thumbnail","7":"category-paris","8":"tag-actu","9":"tag-actu-paris","10":"tag-actualites","11":"tag-actualites-paris","12":"tag-enqute","13":"tag-esp","14":"tag-eu","15":"tag-europe","16":"tag-foot","17":"tag-fr","18":"tag-fra","19":"tag-france","20":"tag-fraude","21":"tag-news","22":"tag-news-paris","23":"tag-paris","24":"tag-paris-news","25":"tag-police","26":"tag-republique-francaise"},"share_on_mastodon":{"url":"https:\/\/pubeurope.com\/@fr\/114871027820914253","error":""},"_links":{"self":[{"href":"https:\/\/www.europesays.com\/fr\/wp-json\/wp\/v2\/posts\/254979","targetHints":{"allow":["GET"]}}],"collection":[{"href":"https:\/\/www.europesays.com\/fr\/wp-json\/wp\/v2\/posts"}],"about":[{"href":"https:\/\/www.europesays.com\/fr\/wp-json\/wp\/v2\/types\/post"}],"author":[{"embeddable":true,"href":"https:\/\/www.europesays.com\/fr\/wp-json\/wp\/v2\/users\/2"}],"replies":[{"embeddable":true,"href":"https:\/\/www.europesays.com\/fr\/wp-json\/wp\/v2\/comments?post=254979"}],"version-history":[{"count":0,"href":"https:\/\/www.europesays.com\/fr\/wp-json\/wp\/v2\/posts\/254979\/revisions"}],"wp:featuredmedia":[{"embeddable":true,"href":"https:\/\/www.europesays.com\/fr\/wp-json\/wp\/v2\/media\/254980"}],"wp:attachment":[{"href":"https:\/\/www.europesays.com\/fr\/wp-json\/wp\/v2\/media?parent=254979"}],"wp:term":[{"taxonomy":"category","embeddable":true,"href":"https:\/\/www.europesays.com\/fr\/wp-json\/wp\/v2\/categories?post=254979"},{"taxonomy":"post_tag","embeddable":true,"href":"https:\/\/www.europesays.com\/fr\/wp-json\/wp\/v2\/tags?post=254979"}],"curies":[{"name":"wp","href":"https:\/\/api.w.org\/{rel}","templated":true}]}}