{"id":254989,"date":"2025-07-17T22:56:23","date_gmt":"2025-07-17T22:56:23","guid":{"rendered":"https:\/\/www.europesays.com\/fr\/254989\/"},"modified":"2025-07-17T22:56:23","modified_gmt":"2025-07-17T22:56:23","slug":"demantelement-dun-important-groupe-de-hackeurs-prorusses-liberation","status":"publish","type":"post","link":"https:\/\/www.europesays.com\/fr\/254989\/","title":{"rendered":"d\u00e9mant\u00e8lement d\u2019un important groupe de hackeurs prorusses \u2013 Lib\u00e9ration"},"content":{"rendered":"<p class=\"sc-ksZaOG ehjQrN text-element\">Fin de l\u2019anonymat pour NoName057 (16). Les agences Europol et Eurojust ont annonc\u00e9 ce mercredi 16 juillet le d\u00e9mant\u00e8lement du groupe de <a href=\"https:\/\/www.liberation.fr\/societe\/police-justice\/cyberattaques-les-sites-de-plusieurs-villes-et-departements-francais-hors-service-des-hackers-prorusses-revendiquent-20241231_HKR57BEWNBCPJKC5GJNQUU2PRE\/\" target=\"_blank\" rel=\"noreferrer nofollow noopener\" title=\"https:\/\/www.liberation.fr\/societe\/police-justice\/cyberattaques-les-sites-de-plusieurs-villes-et-departements-francais-hors-service-des-hackers-prorusses-revendiquent-20241231_HKR57BEWNBCPJKC5GJNQUU2PRE\/\">hackeurs prorusses<\/a>, responsable de multiples attaques visant l\u2019Ukraine et ses alli\u00e9s, en ciblant notamment des infrastructures importantes en Europe. Le nom de l\u2019op\u00e9ration ayant amen\u00e9 la chute des cybercriminels ? \u00abEastwood\u00bb.<\/p>\n<p class=\"sc-ksZaOG ehjQrN text-element\">\u00abLors d\u2019une journ\u00e9e d\u2019action le 15 juillet, le botnet, qui utilisait des centaines de syst\u00e8mes informatiques \u00e0 travers le monde, a \u00e9t\u00e9 d\u00e9mantel\u00e9 et plusieurs suspects ont \u00e9t\u00e9 identifi\u00e9s, dont les principaux instigateurs r\u00e9sidant en F\u00e9d\u00e9ration de Russie\u00bb, ont d\u00e9clar\u00e9 les agences europ\u00e9ennes dans un communiqu\u00e9. L\u2019op\u00e9ration a impliqu\u00e9 douze pays et entra\u00een\u00e9 l\u2019arrestation de deux personnes, une en France et une en Espagne, ont-elles pr\u00e9cis\u00e9.<\/p>\n<p class=\"sc-ksZaOG ehjQrN text-element\">\u00abL\u2019Allemagne a \u00e9mis six mandats d\u2019arr\u00eat contre des suspects r\u00e9sidant en F\u00e9d\u00e9ration de Russie. Deux d\u2019entre eux sont accus\u00e9s d\u2019\u00eatre les principaux instigateurs des activit\u00e9s de NoName057 (16)\u00bb, a indiqu\u00e9 Europol. Au total, les autorit\u00e9s ont \u00e9mis sept mandats d\u2019arr\u00eat, visant six ressortissants russes.<\/p>\n<p class=\"sc-ksZaOG ehjQrN text-element\">Le groupe de hackeurs est responsable de multiples attaques visant des infrastructures critiques telles que des fournisseurs d\u2019\u00e9lectricit\u00e9 et des transports publics en Europe, selon les agences europ\u00e9ennes. Les pirates informatiques ont proc\u00e9d\u00e9 par d\u00e9ni de service distribu\u00e9 (DDoS), qui consiste \u00e0 surcharger des sites web et des applications par des requ\u00eates cibl\u00e9es de telle sorte qu\u2019ils ne soient plus accessibles.<\/p>\n<p class=\"sc-ksZaOG ehjQrN text-element\">\u00abNoName057 (16) a affich\u00e9 son <a href=\"https:\/\/www.liberation.fr\/international\/cyberattaques-paris-hausse-le-ton-face-a-moscou-20250429_ZPRZTWDJBBAM7CD4WV4ZPFPWNI\/\" target=\"_blank\" rel=\"noreferrer nofollow noopener\" title=\"https:\/\/www.liberation.fr\/international\/cyberattaques-paris-hausse-le-ton-face-a-moscou-20250429_ZPRZTWDJBBAM7CD4WV4ZPFPWNI\/\">soutien \u00e0 la F\u00e9d\u00e9ration de Russie<\/a> depuis le d\u00e9but de la guerre d\u2019agression contre l\u2019Ukraine\u00bb, a soulign\u00e9 Eurojust. \u00abLe groupe a men\u00e9 plusieurs attaques DDoS contre des infrastructures critiques lors d\u2019\u00e9v\u00e9nements (politiques) de premier plan\u00bb, a ajout\u00e9 l\u2019agence de l\u2019Union europ\u00e9enne pour la coop\u00e9ration judiciaire en mati\u00e8re p\u00e9nale.<\/p>\n<p class=\"sc-ksZaOG ehjQrN text-element\">Dans un communiqu\u00e9 transmis \u00e0 Lib\u00e9ration, le parquet de Paris assure de son c\u00f4t\u00e9 que le r\u00e9seau de cybercriminels <a href=\"https:\/\/www.liberation.fr\/international\/apres-larrestation-de-pavel-durov-une-vague-de-cyberattaques-cible-la-france-20240827_LA6BINIQPREQFCYLCRT3FDZEQM\/\" target=\"_blank\" rel=\"noreferrer nofollow noopener\" title=\"https:\/\/www.liberation.fr\/international\/apres-larrestation-de-pavel-durov-une-vague-de-cyberattaques-cible-la-france-20240827_LA6BINIQPREQFCYLCRT3FDZEQM\/\">avait recours \u00e0 la messagerie Telegram<\/a> pour s\u2019organiser. Gr\u00e2ce \u00e0 cette plateforme, il tentait d\u2019\u00abattirer l\u2019attention du public et [de] recruter des sympathisants\u00bb. Au total, 4 000 utilisateurs le suivaient, estiment les autorit\u00e9s.<\/p>\n<p class=\"sc-ksZaOG ehjQrN text-element\">Selon les agences europ\u00e9ennes, le groupe a men\u00e9 14 attaques en Allemagne, certaines ayant dur\u00e9 plusieurs jours et ayant touch\u00e9 environ 230 organisations, dont des usines d\u2019armement, des fournisseurs d\u2019\u00e9lectricit\u00e9 et des organisations gouvernementales. Des attaques ont \u00e9galement \u00e9t\u00e9 men\u00e9es partout en Europe lors des \u00e9lections europ\u00e9ennes.<\/p>\n<p class=\"sc-ksZaOG ehjQrN text-element\">En Su\u00e8de, des sites web d\u2019autorit\u00e9s et de banques ont \u00e9t\u00e9 cibl\u00e9s, tandis qu\u2019en Suisse, plusieurs attaques ont \u00e9t\u00e9 men\u00e9es lors d\u2019un message vid\u00e9o du pr\u00e9sident ukrainien au Parlement europ\u00e9en en juin 2023 et lors du Sommet de la paix pour l\u2019Ukraine en juin 2024. Plus r\u00e9cemment, les Pays-Bas ont \u00e9t\u00e9 cibl\u00e9s lors du sommet de l\u2019Otan fin juin selon ces m\u00eames sources.<\/p>\n","protected":false},"excerpt":{"rendered":"Fin de l\u2019anonymat pour NoName057 (16). Les agences Europol et Eurojust ont annonc\u00e9 ce mercredi 16 juillet le&hellip;\n","protected":false},"author":2,"featured_media":254990,"comment_status":"","ping_status":"","sticky":false,"template":"","format":"standard","meta":{"footnotes":""},"categories":[1590],"tags":[11,1777,674,12,132,220,297],"class_list":{"0":"post-254989","1":"post","2":"type-post","3":"status-publish","4":"format-standard","5":"has-post-thumbnail","7":"category-ukraine","8":"tag-actualites","9":"tag-eu","10":"tag-europe","11":"tag-news","12":"tag-russie","13":"tag-ukraine","14":"tag-ukraine-la-crise"},"share_on_mastodon":{"url":"https:\/\/pubeurope.com\/@fr\/114871047531185611","error":""},"_links":{"self":[{"href":"https:\/\/www.europesays.com\/fr\/wp-json\/wp\/v2\/posts\/254989","targetHints":{"allow":["GET"]}}],"collection":[{"href":"https:\/\/www.europesays.com\/fr\/wp-json\/wp\/v2\/posts"}],"about":[{"href":"https:\/\/www.europesays.com\/fr\/wp-json\/wp\/v2\/types\/post"}],"author":[{"embeddable":true,"href":"https:\/\/www.europesays.com\/fr\/wp-json\/wp\/v2\/users\/2"}],"replies":[{"embeddable":true,"href":"https:\/\/www.europesays.com\/fr\/wp-json\/wp\/v2\/comments?post=254989"}],"version-history":[{"count":0,"href":"https:\/\/www.europesays.com\/fr\/wp-json\/wp\/v2\/posts\/254989\/revisions"}],"wp:featuredmedia":[{"embeddable":true,"href":"https:\/\/www.europesays.com\/fr\/wp-json\/wp\/v2\/media\/254990"}],"wp:attachment":[{"href":"https:\/\/www.europesays.com\/fr\/wp-json\/wp\/v2\/media?parent=254989"}],"wp:term":[{"taxonomy":"category","embeddable":true,"href":"https:\/\/www.europesays.com\/fr\/wp-json\/wp\/v2\/categories?post=254989"},{"taxonomy":"post_tag","embeddable":true,"href":"https:\/\/www.europesays.com\/fr\/wp-json\/wp\/v2\/tags?post=254989"}],"curies":[{"name":"wp","href":"https:\/\/api.w.org\/{rel}","templated":true}]}}