{"id":254995,"date":"2025-07-17T22:59:20","date_gmt":"2025-07-17T22:59:20","guid":{"rendered":"https:\/\/www.europesays.com\/fr\/254995\/"},"modified":"2025-07-17T22:59:20","modified_gmt":"2025-07-17T22:59:20","slug":"les-francais-donnent-le-ton-en-allemagne","status":"publish","type":"post","link":"https:\/\/www.europesays.com\/fr\/254995\/","title":{"rendered":"Les Fran\u00e7ais donnent le ton en Allemagne"},"content":{"rendered":"<p>\t\t\t\t\t\t<img width=\"770\" height=\"556\" src=\"https:\/\/www.europesays.com\/fr\/wp-content\/uploads\/2025\/07\/afp__20250717__2225578970__v1__highres__germanchallengepoweredbyvcg2025dayone-770x556.jpg\" class=\"img-responsive wp-post-image\" alt=\"\" decoding=\"async\" fetchpriority=\"high\"  \/>\t\t\t\t\t<\/p>\n<p>\t\t\t\t\t\t Partager cet article <\/p>\n<p class=\"screen-reader-text juiz_sps_maybe_hidden_text\">Partager la publication \u00ab\u00a0Les Fran\u00e7ais donnent le ton en Allemagne\u00a0\u00bb<\/p>\n<p><strong>Respectivement premier et troisi\u00e8me apr\u00e8s le premier tour, Julien Quesne et Robin Sciot-Siegrist ont parfaitement lanc\u00e9 le German Challenge, sur l\u2019HotelPlanner Tour.<\/strong><\/p>\n<p>\u00a0<\/p>\n<p>Invit\u00e9 cette semaine sur le <strong>Wittelsbacher Golfclub, Julien Quesne<\/strong>, caddey\u00e9 par son fils de 12 ans,\u00a0a connu un d\u00e9but de tournoi r\u00eav\u00e9. Le joueur de la <strong>C&amp;S Golf Team<\/strong> a enregistr\u00e9 une tr\u00e8s belle carte de 65 (-7), rythm\u00e9e par un eagle sur son aller, et six birdies et un bogey sur son retour (il est parti du 10). Le Tricolore de 44 ans est en t\u00eate aux c\u00f4t\u00e9s du Portugais <strong>Tom\u00e1s Bessa<\/strong>, lui aussi invit\u00e9.<\/p>\n<p>\t\t\t\t<img loading=\"lazy\" decoding=\"async\" src=\"data:image\/svg+xml,%3Csvg%20xmlns=\" http:=\"\" attributionsrc=\"\" border=\"0\" height=\"1\" width=\"1\" alt=\"Advertisement\" data-lazy-src=\"https:\/\/www.europesays.com\/fr\/wp-content\/uploads\/2025\/07\/B33047934.424844126;dc_trk_aid=615928068;dc_trk_cid=236605808;ord=[timestamp];dc_lat=;dc_rdid=;tag_f.gif\"\/><\/p>\n<p>\t\t\t\t\t<a id=\"179412\" href=\"https:\/\/ad.doubleclick.net\/ddm\/trackclk\/N1153799.3770024GOLFPLANATE\/B33047934.424844126;dc_trk_aid=615928068;dc_trk_cid=236605808;dc_lat=;dc_rdid=;tag_for_child_directed_treatment=;tfua=;gdpr=${GDPR};gdpr_consent=${GDPR_CONSENT_755};ltd=;dc_tdv=1\" target=\"_blank\" rel=\"sponsorised nofollow noopener\"><img decoding=\"async\" src=\"data:image\/svg+xml,%3Csvg%20xmlns=\" http:=\"\" class=\"img-responsive\" alt=\"\" data-lazy-src=\"https:\/\/www.europesays.com\/fr\/wp-content\/uploads\/2025\/07\/callaway-e01-apex-v1-1170x275-1.jpg\"\/><\/a><\/p>\n<blockquote class=\"twitter-tweet\">\n<p dir=\"ltr\" lang=\"en\">\u2018I\u2019ve got my son who is 12 on the bag this week for the first time, so I think that helped.\u2019<\/p>\n<p>Early leader, Julien Quesne, has family by his side in Germany \ud83c\udfa5<a href=\"https:\/\/twitter.com\/hashtag\/GermanChallenge?src=hash&amp;ref_src=twsrc%5Etfw\" rel=\"nofollow noopener\" target=\"_blank\">#GermanChallenge<\/a> <a href=\"https:\/\/t.co\/PThWTewCV1\" rel=\"nofollow\">pic.twitter.com\/PThWTewCV1<\/a><\/p>\n<p>\u2014 HotelPlanner Tour (@HPlanner_Tour) <a href=\"https:\/\/twitter.com\/HPlanner_Tour\/status\/1945863529103315168?ref_src=twsrc%5Etfw\" rel=\"nofollow noopener\" target=\"_blank\">July 17, 2025<\/a><\/p>\n<\/blockquote>\n<p>\t\t\t\t\t<a id=\"174987\" href=\"https:\/\/www.sudfrancegolf.com\/fr\/\" target=\"_blank\" rel=\"sponsorised nofollow noopener\"><img decoding=\"async\" src=\"data:image\/svg+xml,%3Csvg%20xmlns=\" http:=\"\" class=\"img-responsive\" alt=\"\" data-lazy-src=\"https:\/\/www.europesays.com\/fr\/wp-content\/uploads\/2025\/06\/giesudfrancegolf-e02-egolf-pass-2025-v2-1170x275-1.gif\"\/><\/a><\/p>\n<p><strong>Robin Sciot-Siegrist<\/strong> est tr\u00e8s bien plac\u00e9, un coup derri\u00e8re, \u00e0 la troisi\u00e8me place. Le 66 (-6) du gaucher a \u00e9t\u00e9 marqu\u00e9 par sept birdies et un bogey. Il partage sa position avec quatre autres joueurs, dont le Suisse <strong>Benjamin Rusch<\/strong>.<\/p>\n<p>Avec des cartes de 69 (-3), <strong>Romain Wattel, F\u00e9lix Mory <\/strong>et<strong> Damien Perrier<\/strong> ont \u00e9galement r\u00e9ussi leur entame. Ils occupent la 21e place ex \u00e6quo. <strong>Oihan Guillamoundeguy <\/strong>et<strong> Aymeric Laussot<\/strong> (34es) suivent un coup derri\u00e8re.<\/p>\n<p>\u00a0<\/p>\n<p>\u00a0<\/p>\n<p>Le leaderboard<\/p>\n<p><img loading=\"lazy\" decoding=\"async\" class=\"alignnone size-image-largeur-770 wp-image-180000\" src=\"data:image\/svg+xml,%3Csvg%20xmlns=\" http:=\"\" alt=\"\" width=\"770\" height=\"463\" data-lazy- data-lazy- data-lazy-src=\"https:\/\/www.europesays.com\/fr\/wp-content\/uploads\/2025\/07\/capture-decran-2025-07-17-a-22.47.41-770x463.png\"\/><\/p>\n<p>Les autres Fran\u00e7ais\u00a0<\/p>\n<p><img loading=\"lazy\" decoding=\"async\" class=\"alignnone size-image-largeur-770 wp-image-180002\" src=\"data:image\/svg+xml,%3Csvg%20xmlns=\" http:=\"\" alt=\"\" width=\"770\" height=\"460\" data-lazy- data-lazy- data-lazy-src=\"https:\/\/www.europesays.com\/fr\/wp-content\/uploads\/2025\/07\/capture-decran-2025-07-17-a-22.47.34-770x460.png\"\/><\/p>\n<p>\t\t\t\t\t<a id=\"178042\" href=\"https:\/\/leclub-golf.com\/fr\/actualites\/team-sud-ouest-vs-team-sud-est-le-duel-de-lete?utm_source=golf+planete&amp;utm_medium=referral&amp;utm_campaign=team+sud&amp;utm_id=team+sud_golf+planete_referral_banner\" target=\"_blank\" rel=\"sponsorised nofollow noopener\"><img decoding=\"async\" src=\"data:image\/svg+xml,%3Csvg%20xmlns=\" http:=\"\" class=\"img-responsive\" alt=\"\" data-lazy-src=\"https:\/\/www.europesays.com\/fr\/wp-content\/uploads\/2025\/07\/leclubgolf-e08-duel-teams-1170x275-1.png\"\/><\/a><\/p>\n<p>\u00a9Matthew Lewis \/ GETTY IMAGES EUROPE \/ Getty Images via AFP<\/p>\n<p>\t\t\t<script async src=\"https:\/\/platform.twitter.com\/widgets.js\" charset=\"utf-8\"><\/script><\/p>\n","protected":false},"excerpt":{"rendered":"Partager cet article Partager la publication \u00ab\u00a0Les Fran\u00e7ais donnent le ton en Allemagne\u00a0\u00bb Respectivement premier et troisi\u00e8me apr\u00e8s&hellip;\n","protected":false},"author":2,"featured_media":254996,"comment_status":"","ping_status":"","sticky":false,"template":"","format":"standard","meta":{"footnotes":""},"categories":[1587],"tags":[11,672,1804,1805,1803,1777,674,1801,12,1802],"class_list":{"0":"post-254995","1":"post","2":"type-post","3":"status-publish","4":"format-standard","5":"has-post-thumbnail","7":"category-allemagne","8":"tag-actualites","9":"tag-allemagne","10":"tag-bundesrepublik-deutschland","11":"tag-de","12":"tag-deutschland","13":"tag-eu","14":"tag-europe","15":"tag-germany","16":"tag-news","17":"tag-republique-federale-dallemagne"},"share_on_mastodon":{"url":"https:\/\/pubeurope.com\/@fr\/114871059630927117","error":""},"_links":{"self":[{"href":"https:\/\/www.europesays.com\/fr\/wp-json\/wp\/v2\/posts\/254995","targetHints":{"allow":["GET"]}}],"collection":[{"href":"https:\/\/www.europesays.com\/fr\/wp-json\/wp\/v2\/posts"}],"about":[{"href":"https:\/\/www.europesays.com\/fr\/wp-json\/wp\/v2\/types\/post"}],"author":[{"embeddable":true,"href":"https:\/\/www.europesays.com\/fr\/wp-json\/wp\/v2\/users\/2"}],"replies":[{"embeddable":true,"href":"https:\/\/www.europesays.com\/fr\/wp-json\/wp\/v2\/comments?post=254995"}],"version-history":[{"count":0,"href":"https:\/\/www.europesays.com\/fr\/wp-json\/wp\/v2\/posts\/254995\/revisions"}],"wp:featuredmedia":[{"embeddable":true,"href":"https:\/\/www.europesays.com\/fr\/wp-json\/wp\/v2\/media\/254996"}],"wp:attachment":[{"href":"https:\/\/www.europesays.com\/fr\/wp-json\/wp\/v2\/media?parent=254995"}],"wp:term":[{"taxonomy":"category","embeddable":true,"href":"https:\/\/www.europesays.com\/fr\/wp-json\/wp\/v2\/categories?post=254995"},{"taxonomy":"post_tag","embeddable":true,"href":"https:\/\/www.europesays.com\/fr\/wp-json\/wp\/v2\/tags?post=254995"}],"curies":[{"name":"wp","href":"https:\/\/api.w.org\/{rel}","templated":true}]}}