{"id":254999,"date":"2025-07-17T23:01:14","date_gmt":"2025-07-17T23:01:14","guid":{"rendered":"https:\/\/www.europesays.com\/fr\/254999\/"},"modified":"2025-07-17T23:01:14","modified_gmt":"2025-07-17T23:01:14","slug":"lunion-doit-se-donner-les-moyens-de-ses-ambitions","status":"publish","type":"post","link":"https:\/\/www.europesays.com\/fr\/254999\/","title":{"rendered":"L&rsquo;Union doit se donner les moyens de ses ambitions"},"content":{"rendered":"<p><a href=\"https:\/\/www.lalibre.be\/international\/europe\/2025\/07\/16\/la-commission-propose-un-budget-de-rupture-qui-renforce-son-independance-UF7C4ME7IRFMDAWNBX3GQCENFA\/\" target=\"_blank\" rel=\"noopener noreferrer\" class=\"ap-StoryInterstitialLink ap-StoryElement ap-StoryElement--mb js-paywall-target\">La Commission propose un budget de rupture pour la p\u00e9riode 2028-2034<\/a><\/p>\n<p class=\"ap-StoryElement ap-StoryElement--mb ap-StoryText\">Il est impossible de contenter tout le monde et son p\u00e8re, aussi la proposition de la Commission est-elle mitraill\u00e9e par les critiques diverses, vari\u00e9es et parfois contradictoires sur \u00e0 peu pr\u00e8s tous les sujets. Dont celui du montant. Certains \u00c9tats membres comme <a href=\"https:\/\/www.lalibre.be\/international\/europe\/2025\/07\/16\/berlin-juge-inacceptable-laugmentation-du-budget-de-lue-proposee-par-von-der-leyen-FI5KX36XU5C5HPK5Z7IPLESKHM\/\" target=\"_blank\" rel=\"noopener\">l&rsquo;Allemagne<\/a>, les Pays-Bas ou la Su\u00e8de ne veulent pas verser plus au pot commun, d&rsquo;autres ne le peuvent pas (qui a dit\u00a0: la Belgique\u00a0?), tandis que le Parlement europ\u00e9en consid\u00e8re que le plafond ne permettra pas de r\u00e9pondre aux attentes.<\/p>\n<p class=\"ap-StoryElement ap-StoryElement--mb ap-StoryText\">Faut-il rappeler \u00e0 quel point celles-ci sont \u00e9lev\u00e9es\u00a0? L&rsquo;UE a vu l&rsquo;environnement g\u00e9opolitique se d\u00e9grader autour d&rsquo;elle de fa\u00e7on pr\u00e9occupante. Le p\u00e9ril caus\u00e9 par le d\u00e9r\u00e8glement climatique cro\u00eet. L&rsquo;\u00e9largissement de l&rsquo;Union est pour apr\u00e8s-demain. L&rsquo;Europe pose aussi le constat amer qu&rsquo;elle accumule un <a href=\"https:\/\/www.lalibre.be\/economie\/conjoncture\/2025\/07\/14\/nouveaux-tarifs-douaniers-de-trump-lunion-europeenne-se-garde-encore-de-riposter-conservant-lespoir-dune-solution-negociee-PT4OFSV4PJC6ZCHE32BCX56RCA\/\" target=\"_blank\" rel=\"noopener\">retard \u00e9conomique sur les \u00c9tats-Unis<\/a> et la Chine.<\/p>\n<p class=\"ap-StoryElement ap-StoryElement--mb ap-StoryText\">Il faut en faire plus, \u00e0 l&rsquo;\u00e9chelon europ\u00e9en, qui poss\u00e8de la masse critique que n&rsquo;atteint plus un seul des Vingt-sept, pour \u00e9loigner le spectre du d\u00e9clin. L&rsquo;argent peut peu, sans volont\u00e9 politique ni strat\u00e9gie. Mais si les \u00c9tats membres ne consentent pas \u00e0 doter l&rsquo;Union des moyens requis pour investir, de mani\u00e8re cibl\u00e9e, coh\u00e9rente, mais suffisante, pour assurer sa prosp\u00e9rit\u00e9 et sa s\u00e9curit\u00e9, il y aura lieu de s&rsquo;inqui\u00e9ter s\u00e9rieusement pour son avenir. Les Vingt-sept ont deux ans de n\u00e9gociations pour bien y r\u00e9fl\u00e9chir.<\/p>\n<p><a href=\"https:\/\/www.lalibre.be\/international\/europe\/2025\/07\/17\/la-methode-von-der-leyen-pour-elaborer-le-budget-europeen-2028-2034-critiquee-de-toute-part-62FX5E622ZC4VHQAXYZ4T2UF2M\/\" target=\"_blank\" rel=\"noopener noreferrer\" class=\"ap-StoryInterstitialLink ap-StoryElement ap-StoryElement--mb\">La m\u00e9thode von der Leyen pour \u00e9laborer le budget europ\u00e9en 2028-2034 critiqu\u00e9e de toute part<\/a><\/p>\n","protected":false},"excerpt":{"rendered":"La Commission propose un budget de rupture pour la p\u00e9riode 2028-2034 Il est impossible de contenter tout le&hellip;\n","protected":false},"author":2,"featured_media":255000,"comment_status":"","ping_status":"","sticky":false,"template":"","format":"standard","meta":{"footnotes":""},"categories":[1586],"tags":[11,21332,1777,674,1779,1011,27,1227,12,9024,25,34066,1778,364],"class_list":{"0":"post-254999","1":"post","2":"type-post","3":"status-publish","4":"format-standard","5":"has-post-thumbnail","7":"category-europe","8":"tag-actualites","9":"tag-diplomacy","10":"tag-eu","11":"tag-europe","12":"tag-european-union","13":"tag-fr","14":"tag-france","15":"tag-horizontal","16":"tag-news","17":"tag-politics","18":"tag-republique-francaise","19":"tag-summit","20":"tag-ue","21":"tag-union-europeenne"},"share_on_mastodon":{"url":"https:\/\/pubeurope.com\/@fr\/114871067373119761","error":""},"_links":{"self":[{"href":"https:\/\/www.europesays.com\/fr\/wp-json\/wp\/v2\/posts\/254999","targetHints":{"allow":["GET"]}}],"collection":[{"href":"https:\/\/www.europesays.com\/fr\/wp-json\/wp\/v2\/posts"}],"about":[{"href":"https:\/\/www.europesays.com\/fr\/wp-json\/wp\/v2\/types\/post"}],"author":[{"embeddable":true,"href":"https:\/\/www.europesays.com\/fr\/wp-json\/wp\/v2\/users\/2"}],"replies":[{"embeddable":true,"href":"https:\/\/www.europesays.com\/fr\/wp-json\/wp\/v2\/comments?post=254999"}],"version-history":[{"count":0,"href":"https:\/\/www.europesays.com\/fr\/wp-json\/wp\/v2\/posts\/254999\/revisions"}],"wp:featuredmedia":[{"embeddable":true,"href":"https:\/\/www.europesays.com\/fr\/wp-json\/wp\/v2\/media\/255000"}],"wp:attachment":[{"href":"https:\/\/www.europesays.com\/fr\/wp-json\/wp\/v2\/media?parent=254999"}],"wp:term":[{"taxonomy":"category","embeddable":true,"href":"https:\/\/www.europesays.com\/fr\/wp-json\/wp\/v2\/categories?post=254999"},{"taxonomy":"post_tag","embeddable":true,"href":"https:\/\/www.europesays.com\/fr\/wp-json\/wp\/v2\/tags?post=254999"}],"curies":[{"name":"wp","href":"https:\/\/api.w.org\/{rel}","templated":true}]}}