{"id":255001,"date":"2025-07-17T23:02:14","date_gmt":"2025-07-17T23:02:14","guid":{"rendered":"https:\/\/www.europesays.com\/fr\/255001\/"},"modified":"2025-07-17T23:02:14","modified_gmt":"2025-07-17T23:02:14","slug":"le-feu-est-fixe-370-pompiers-mobilises-cette-nuit","status":"publish","type":"post","link":"https:\/\/www.europesays.com\/fr\/255001\/","title":{"rendered":"le feu est fix\u00e9, 370 pompiers mobilis\u00e9s cette nuit"},"content":{"rendered":"<p>            Par<br \/>\n        <strong><br \/>\n            <a href=\"https:\/\/actu.fr\/auteur\/journaliste-pl\" title=\"Consulter tous les articles de R\u00e9daction Plo\u00ebrmel\" rel=\"nofollow noopener\" target=\"_blank\">R\u00e9daction Plo\u00ebrmel<\/a><br \/>\n        <\/strong><\/p>\n<p>        Publi\u00e9 le<\/p>\n<p>            17 juil. 2025 \u00e0 23h00        <\/p>\n<p>Un incendie s\u2019est d\u00e9clar\u00e9 ce jeudi 17\u00a0juillet 2025 entre la commune de <a href=\"https:\/\/actu.fr\/bretagne\/trehorenteuc_56256\" rel=\"nofollow noopener\" target=\"_blank\">Tr\u00e9horenteuc<\/a> (Morbihan) et Paimpont (35) au niveau de la <b>carri\u00e8re de la Troche<\/b> r\u00e9put\u00e9e pour la couleur de ses mat\u00e9riaux, utilis\u00e9s principalement pour l\u2019ornement paysager.<\/p>\n<p>    <a href=\"https:\/\/www.google.com\/maps\/embed?pb=!1m18!1m12!1m3!1d2669.249765607906!2d-2.2782217242696463!3d48.00888427122963!2m3!1f0!2f0!3f0!3m2!1i1024!2i768!4f13.1!3m3!1m2!1s0x480fb3909e2ef4c9%3A0xc7dd7597643c9b5c!2sCarri%C3%A8res%20de%20la%20Troche!5e0!3m2!1sfr!2sfr!4v1752767913045!5m2!1sfr!2sfr\" title=\"Ouvrie le lien\" rel=\"nofollow noopener\" target=\"_blank\">Cliquez ici pour visualiser le contenu<\/a><\/p>\n<p class=\" wall-content\">\u00ab\u2009Le feu s\u2019est d\u00e9clar\u00e9 dans l\u2019apr\u00e8s-midi, aux environs de 16h\u2009\u00bb, annonce Michel Gortais, le maire de Tr\u00e9horenteuc qui indique que la sous-pr\u00e9fecture a d\u00e9clench\u00e9 les<b> moyens a\u00e9riens<\/b> pour tenter de ma\u00eetriser l\u2019incendie.<\/p>\n<p>\u00c0 18h\u2009: 200 sapeurs-pompiers sur le feu<\/p>\n<p class=\" wall-content\">\u00ab\u2009\u00c0 18h,<b> le feu est toujours actif <\/b>et <b>60 hectares de v\u00e9g\u00e9tation<\/b> ont br\u00fbl\u00e9. La propagation du feu est facilit\u00e9e par la s\u00e9cheresse de la v\u00e9g\u00e9tation et des vents marqu\u00e9s\u2009\u00bb, indique la pr\u00e9fecture du Morbihan dans un communiqu\u00e9.<\/p>\n<p class=\" wall-content\">Pr\u00e8s de <b>200 sapeurs-pompiers<\/b> du Morbihan et d\u2019Ille-et-Vilaine sont engag\u00e9s.<\/p>\n<blockquote class=\"ac-article-quote wall-content\">\n<p>Des engins d\u2019intervention sont actuellement d\u00e9ploy\u00e9s sur le site et les renforts a\u00e9riens ont \u00e9t\u00e9 demand\u00e9s (Air Tractor et Dash 8), le p\u00e9licandrome de Vannes Meucon a \u00e9t\u00e9 arm\u00e9.<\/p>\n<p>Pr\u00e9fecture du Morbihan<\/p><\/blockquote>\n<p>Vid\u00e9os : en ce moment sur Actu<\/p>\n<p class=\" wall-content\">La fum\u00e9e est visible \u00e0 des kilom\u00e8tres \u00e0 la ronde, jusqu\u2019\u00e0 Locmin\u00e9.<\/p>\n<p>La situation \u00e0 19h\u2009: 100 hectares br\u00fbl\u00e9s<\/p>\n<p class=\" wall-content\">Les derni\u00e8res informations ont \u00e9t\u00e9 communiqu\u00e9es sur la page Facebook d\u2019Hania Renaudie, maire de Camp\u00e9n\u00e9ac. \u00ab\u2009100 hectares ont \u00e9t\u00e9 endommag\u00e9s.\u2009\u00bb<\/p>\n<p>    <a href=\"https:\/\/www.facebook.com\/plugins\/video.php?height=476&amp;href=https%3A%2F%2Fwww.facebook.com%2FLePloermelais%2Fvideos%2F2180535502413663%2F&amp;show_text=false&amp;width=350&amp;t=0\" title=\"Ouvrie le lien\" rel=\"nofollow noopener\" target=\"_blank\">Cliquez ici pour visualiser le contenu<\/a><\/p>\n<p class=\" wall-content\">Les services de l\u2019\u00c9tat rappellent \u00e0 la population la n\u00e9cessit\u00e9 d\u2019observer les consignes suivantes\u2009: \u00e9viter le secteur, facilitez le passage des secours, respectez les consignes des autorit\u00e9s.<\/p>\n<p>    <img   decoding=\"async\" loading=\"lazy\" class=\"size-large\" src=\"https:\/\/www.europesays.com\/fr\/wp-content\/uploads\/2025\/07\/33bc4dd25978627bc4dd259781bbc4v-960x640.jpeg\" alt=\"Incendie broc\u00e9liande juillet 2025\" width=\"960\" height=\"640\"\/><br \/>\n    Les pompiers sont dans les airs et sur terre pour stopper l\u2019incendie. \u00a9Ronan Houssin\/Le Plo\u00ebrmelais<\/p>\n<p class=\" wall-content\">La route vers Tr\u00e9horenteuc en partant de Plo\u00ebrmel, par la Chapelle Saint-Maure, est coup\u00e9e \u00e0 la circulation.<\/p>\n<p>Le point sur l\u2019incendie \u00e0 19h30<\/p>\n<p class=\" wall-content\">\u00ab\u00a0Le feu est toujours actif et 100 hectares de v\u00e9g\u00e9tation ont br\u00fbl\u00e9. Le feu se<\/p>\n<p class=\" wall-content\">propage en direction du Nord \/ Nord-Est et est d\u00e9sormais principalement localis\u00e9 dans le d\u00e9partement de l\u2019Ille-et-Vilaine\u00a0\u00bb, indique la pr\u00e9fecture du Morbihan.<\/p>\n<p>    <img   decoding=\"async\" loading=\"lazy\" class=\"size-large\" src=\"https:\/\/www.europesays.com\/fr\/wp-content\/uploads\/2025\/07\/3d8e3d9739786119e3d973978f49e3v-960x640.jpeg\" alt=\"Incendie Broc\u00e9liande juillet 2025\" width=\"960\" height=\"640\"\/><br \/>\n    Un dash effectue des largages au-dessus de la for\u00eat de Broc\u00e9liande pour ma\u00eetriser l\u2019incendie. \u00a9Ronan Houssin \/ Le Plo\u00ebrmelais.<\/p>\n<p class=\" wall-content\">Un <b>Dash, cet avion plus gros et plus rapide que les Canadair survole la for\u00eat.<\/b> Avec son r\u00e9servoir de 10\u2009000 litres d\u2019eau, il proc\u00e8de \u00e0 des largages en coordination avec les pompiers au sol pour ma\u00eetriser l\u2019incendie.<\/p>\n<p class=\" wall-content\">De nombreux m\u00e9dias locaux et nationaux ont rejoint le point de contr\u00f4le.<\/p>\n<p>    <img   decoding=\"async\" loading=\"lazy\" class=\"size-large\" src=\"https:\/\/www.europesays.com\/fr\/wp-content\/uploads\/2025\/07\/6d8c90a739786859c90a739780a9c9v-960x640.jpeg\" alt=\"Incendie Broc\u00e9liande juillet 2025\" width=\"960\" height=\"640\"\/><br \/>\n    Le point de contr\u00f4le des pompiers, \u00e0 terre. \u00a9Ronan Houssin \/ Le Plo\u00ebrmelais.<\/p>\n<p class=\" wall-content\">Certaines routes d\u00e9partementales sont ferm\u00e9es \u00e0 la circulation\u2009:<\/p>\n<p class=\" wall-content\">\u2022 la D 141 dans le sens Nord-Sud<\/p>\n<p class=\" wall-content\">\u2022 la D 154 d\u2019Ouest en Est<\/p>\n<p class=\" wall-content\">\u2022 la sortie du bourg de Tr\u00e9horenteuc dans le sens Nord-Est.<\/p>\n<p>    <img   decoding=\"async\" loading=\"lazy\" class=\"size-large\" src=\"https:\/\/www.europesays.com\/fr\/wp-content\/uploads\/2025\/07\/03ad11a73978617ad11a73978faad1v-960x640.jpeg\" alt=\"Incendie Broc\u00e9liande juillet 2025\" width=\"960\" height=\"640\"\/><br \/>\n    Les agriculteurs en renfort des sapeurs-pompiers \u00e0 Tr\u00e9horenteuc. \u00a9Ronan Houssin \/ Le Plo\u00ebrmelais.<\/p>\n<p class=\" wall-content\">Les agriculteurs viennent pr\u00eater main-forte aux pompiers en transportant de l\u2019eau dans leurs tonnes \u00e0 lisier.<\/p>\n<p class=\" wall-content\">\u00c0 20h, le maire de la commune de <b>Tr\u00e9horenteuc<\/b> pr\u00e9sent sur les lieux depuis le d\u00e9but de l\u2019incendie assure que le ravitaillement aux pompiers et aux agriculteurs est assur\u00e9 pour la soir\u00e9e\u2009: \u00ab\u2009Si le feu se prolonge demain, nous aurons besoin d\u2019aide de la part de la population. En attendant, les \u00e9lus g\u00e8rent avec les personnes sur place.\u2009\u00bb<\/p>\n<p>    <a href=\"https:\/\/www.facebook.com\/plugins\/post.php?href=https%3A%2F%2Fwww.facebook.com%2Fsecuritecivilefrance%2Fposts%2F1169041878591190&amp;show_text=true&amp;width=350\" title=\"Ouvrie le lien\" rel=\"nofollow noopener\" target=\"_blank\">Cliquez ici pour visualiser le contenu<\/a><\/p>\n<p>21h\u200945\u2009: le poste de commandement d\u00e9plac\u00e9<\/p>\n<p class=\" wall-content\">Les largages se poursuivent au-dessus de la for\u00eat de Broc\u00e9liande, toujours en proie aux flammes.<\/p>\n<p class=\" wall-content\">Le poste de commandement des op\u00e9rations a \u00e9t\u00e9 d\u00e9plac\u00e9 \u00e0 Beauvais, en Paimpont. La route d\u00e9partementale Camp\u00e9n\u00e9ac-Paimpont est d\u00e9sormais barr\u00e9e.<\/p>\n<p>22h45\u2009: le point avant la nuit<\/p>\n<p class=\" wall-content\">Patrice F\u00e9n\u00e9on, directeur des Territoires et de la Logistique pour le SDIS 35, a dress\u00e9 le bilan avant la nuit.<\/p>\n<p class=\" wall-content\">\u00ab\u2009Le feu s\u2019\u00e9tend sur une <b>centaine d\u2019hectares r\u00e9partis en trois zones<\/b> dont une de 70 hectares\u2009\u00bb, apprend celui qui pilote le dispositif. \u00ab\u2009370 sapeurs-pompiers sont engag\u00e9s \u00e0 bord de 140 v\u00e9hicules. Trois a\u00e9ronefs ont proc\u00e9d\u00e9 \u00e0 six largages ce qui a permis de fixer le feu.\u2009\u00bb<\/p>\n<p class=\" wall-content\">Comprenez ici que s\u2019il y a toujours des flammes, le feu ne progresse plus.<\/p>\n<p class=\" wall-content\">\u00c0 ce stade, \u00ab\u2009la carri\u00e8re de Tr\u00e9horenteuc n\u2019est plus une pr\u00e9occupation, le feu a \u00e9volu\u00e9 vers le nord. <b>Le point sensible est la m\u00e9tairie neuve \u00e0 Paimpont.\u2009\u00bb<\/b><\/p>\n<p class=\" wall-content\">Cette nuit, les pompiers ont pour mission <b>d\u2019\u00e9teindre \u00ab\u2009tous les foyers<\/b> \u00e0 l\u2019aide notamment, d\u2019un drone. La m\u00e9t\u00e9o se stabilise, nous avons bon espoir.\u2009\u00bb<\/p>\n<p class=\" wall-content\"><b>L\u2019incendie<\/b> n\u2019a pour l\u2019heure, fait aucune victime, et les habitations situ\u00e9es en zone \u00e0 risque ont \u00e9t\u00e9 \u00e9pargn\u00e9es.<\/p>\n<p class=\" wall-content\">Prochain point, vendredi 18\u00a0juillet 2025.<\/p>\n<p class=\" wall-content\">Suivez toute l\u2019actualit\u00e9 de vos villes et m\u00e9dias favoris en vous inscrivant \u00e0 <a href=\"https:\/\/moncompte.actu.fr\" title=\"D\u00e9couvez Mon Actu\" rel=\"nofollow noopener\" data-trk=\"{&quot;cta&quot;:{&quot;action&quot;:&quot;https:\\\/\\\/moncompte.actu.fr&quot;,&quot;category&quot;:&quot;mon compte&quot;,&quot;from&quot;:&quot;article footer&quot;,&quot;name&quot;:&quot;Mon actu&quot;,&quot;type&quot;:&quot;cta&quot;}}\" target=\"_blank\">Mon Actu<\/a>.<\/p>\n","protected":false},"excerpt":{"rendered":"Par R\u00e9daction Plo\u00ebrmel Publi\u00e9 le 17 juil. 2025 \u00e0 23h00 Un incendie s\u2019est d\u00e9clar\u00e9 ce jeudi 17\u00a0juillet 2025&hellip;\n","protected":false},"author":2,"featured_media":255002,"comment_status":"","ping_status":"","sticky":false,"template":"","format":"standard","meta":{"footnotes":""},"categories":[2],"tags":[11,118,1011,27,1310,12,1311,25],"class_list":{"0":"post-255001","1":"post","2":"type-post","3":"status-publish","4":"format-standard","5":"has-post-thumbnail","7":"category-actualites","8":"tag-actualites","9":"tag-faits-divers","10":"tag-fr","11":"tag-france","12":"tag-incendie","13":"tag-news","14":"tag-pompiers","15":"tag-republique-francaise"},"share_on_mastodon":{"url":"https:\/\/pubeurope.com\/@fr\/114871071482141782","error":""},"_links":{"self":[{"href":"https:\/\/www.europesays.com\/fr\/wp-json\/wp\/v2\/posts\/255001","targetHints":{"allow":["GET"]}}],"collection":[{"href":"https:\/\/www.europesays.com\/fr\/wp-json\/wp\/v2\/posts"}],"about":[{"href":"https:\/\/www.europesays.com\/fr\/wp-json\/wp\/v2\/types\/post"}],"author":[{"embeddable":true,"href":"https:\/\/www.europesays.com\/fr\/wp-json\/wp\/v2\/users\/2"}],"replies":[{"embeddable":true,"href":"https:\/\/www.europesays.com\/fr\/wp-json\/wp\/v2\/comments?post=255001"}],"version-history":[{"count":0,"href":"https:\/\/www.europesays.com\/fr\/wp-json\/wp\/v2\/posts\/255001\/revisions"}],"wp:featuredmedia":[{"embeddable":true,"href":"https:\/\/www.europesays.com\/fr\/wp-json\/wp\/v2\/media\/255002"}],"wp:attachment":[{"href":"https:\/\/www.europesays.com\/fr\/wp-json\/wp\/v2\/media?parent=255001"}],"wp:term":[{"taxonomy":"category","embeddable":true,"href":"https:\/\/www.europesays.com\/fr\/wp-json\/wp\/v2\/categories?post=255001"},{"taxonomy":"post_tag","embeddable":true,"href":"https:\/\/www.europesays.com\/fr\/wp-json\/wp\/v2\/tags?post=255001"}],"curies":[{"name":"wp","href":"https:\/\/api.w.org\/{rel}","templated":true}]}}