{"id":255007,"date":"2025-07-17T23:05:10","date_gmt":"2025-07-17T23:05:10","guid":{"rendered":"https:\/\/www.europesays.com\/fr\/255007\/"},"modified":"2025-07-17T23:05:10","modified_gmt":"2025-07-17T23:05:10","slug":"rory-mcilroy-apres-son-premier-tour-au-british-open-en-70-1-je-savais-a-quoi-mattendre-lequipe","status":"publish","type":"post","link":"https:\/\/www.europesays.com\/fr\/255007\/","title":{"rendered":"Rory McIlroy, apr\u00e8s son premier tour au British Open en 70 (-1) : \u00ab Je savais \u00e0 quoi m&#039;attendre \u00bb &#8211; L&#039;\u00c9quipe"},"content":{"rendered":"<ol>\n<li><a href=\"https:\/\/news.google.com\/rss\/articles\/CBMizwFBVV95cUxONjVvck9YUTc3MlNxX0V0UzYwMlBKYlEyTXpUUkVZWVVZZGdnQjNnUmUzVW1fOHZzM2Q5MlpLVDVCcVJpSk5QTFFnd1FNQVlzcHdEUGs5cnhSTmVickdLUUp4WEpma0o2c0RfOHFHMDRnNHgtRmlIcHdzOThtcTVfVkRiUXNabXpZR0REVmEzcHhXdlZvSGxJTU1qTnprN0V0LTd4LTBnUHRJVVYyQ1o4Uks1dXl3QXN2UTlJNlZ6RXVHUHNQWGJxc0RlWEwwNzQ?oc=5\" target=\"_blank\" rel=\"nofollow noopener\">Rory McIlroy, apr\u00e8s son premier tour au British Open en 70 (-1) : \u00ab Je savais \u00e0 quoi m&rsquo;attendre \u00bb<\/a>&nbsp;&nbsp;L&rsquo;\u00c9quipe<\/li>\n<li><a href=\"https:\/\/news.google.com\/rss\/articles\/CBMidEFVX3lxTE80Ri1Kb3dLWFFucUpYT3ZBdllWM0FhTWk1ZXVoelBTcDZZaGlFQ0ktOHUxSVVzZ0tRUDRaTnVyS01TNHVzLVdSTEk5NU16SGdvQV95ZXhKZHRNcFR0V3Y5ajd6cnRBbnhGX0dsSE4tOV9zcmQw?oc=5\" target=\"_blank\" rel=\"nofollow noopener\">DIRECT. British Open : McIlroy se relance, Scheffler d\u00e9j\u00e0 aux avant-poste, \u00e0 une longueur du groupe de t\u00eate (Golf)<\/a>&nbsp;&nbsp;L&rsquo;\u00c9quipe<\/li>\n<li><a href=\"https:\/\/news.google.com\/rss\/articles\/CBMiekFVX3lxTE1JRXJKSjZKVWVZcVVWZHlwRmVsazVZTEl6Z3FIT0drZ0JDNUxiYXUyMHZlMzNkMlVYcXJlQWIwdnJFYlhVLWlBbEdVWXNiZmNZLUhFVHJBS1FrZmFTR2hETlZfbS1OUm1abGNWQ21qNENpWDdTdnhWTEN3?oc=5\" target=\"_blank\" rel=\"nofollow noopener\">1er tour. 1re partie<\/a>&nbsp;&nbsp;CANAL+<\/li>\n<li><a href=\"https:\/\/news.google.com\/rss\/articles\/CBMi0AFBVV95cUxQNDNFbU0tdEJ5WHVhUWpuUi1wOTdvSkREbUF0Z2lIbTRZcXZ5RS02UXdBV2JJeV81dWJ6UkxxcVVMd05zdk1HeldHOGJmbkRhRmZsaXpVS3JnSWRLS2cxNjlXN1BuVFBpMjVnN3UtY3RlUzBYN1padS1yTmpKVUF4elRVY29RU2dRYnR2M3Iyb013ZEJBeXJfQjVaYmlCbXBraFQ5VkJGd2FlSXY2dG1pWTFuRUpjQThvOGpwaGVMdnBZYjZWaFpwRXo2SHhicmhO?oc=5\" target=\"_blank\" rel=\"nofollow noopener\">British Open : Scheffler d\u00e9marre bien, McIlroy en difficult\u00e9<\/a>&nbsp;&nbsp;Eurosport<\/li>\n<li><a href=\"https:\/\/news.google.com\/rss\/articles\/CBMipAFBVV95cUxNQzJwM2ZIRXI1UHc0RlJfSTNqXzdpR1JqQVlhOFVsTVh1V2hUYlpMNlNCcmZnVEJPeFg1aENMYmUzcnJqNEh1RTNiTk5QcU5MaDJPUHpPTFZJVXo0UFhQVzR0LXlRM0FTUFNEMVZtb3NFaVZOa3ZBTEYwVlJTX2hZOW5KSUk5UkpOMjBDY0xxai1yT1BNel9GajdhNDFoMzFpcnlBeA?oc=5\" target=\"_blank\" rel=\"nofollow noopener\">The Open : Les six Fran\u00e7ais engag\u00e9s au Royal Portrush<\/a>&nbsp;&nbsp;F\u00e9d\u00e9ration fran\u00e7aise de golf (ffgolf)<\/li>\n<\/ol>\n","protected":false},"excerpt":{"rendered":"Rory McIlroy, apr\u00e8s son premier tour au British Open en 70 (-1) : \u00ab Je savais \u00e0 quoi&hellip;\n","protected":false},"author":2,"featured_media":255008,"comment_status":"","ping_status":"","sticky":false,"template":"","format":"standard","meta":{"footnotes":""},"categories":[1418],"tags":[1011,27,1472,60],"class_list":{"0":"post-255007","1":"post","2":"type-post","3":"status-publish","4":"format-standard","5":"has-post-thumbnail","7":"category-golf","8":"tag-fr","9":"tag-france","10":"tag-golf","11":"tag-sports"},"share_on_mastodon":{"url":"https:\/\/pubeurope.com\/@fr\/114871082853789150","error":""},"_links":{"self":[{"href":"https:\/\/www.europesays.com\/fr\/wp-json\/wp\/v2\/posts\/255007","targetHints":{"allow":["GET"]}}],"collection":[{"href":"https:\/\/www.europesays.com\/fr\/wp-json\/wp\/v2\/posts"}],"about":[{"href":"https:\/\/www.europesays.com\/fr\/wp-json\/wp\/v2\/types\/post"}],"author":[{"embeddable":true,"href":"https:\/\/www.europesays.com\/fr\/wp-json\/wp\/v2\/users\/2"}],"replies":[{"embeddable":true,"href":"https:\/\/www.europesays.com\/fr\/wp-json\/wp\/v2\/comments?post=255007"}],"version-history":[{"count":0,"href":"https:\/\/www.europesays.com\/fr\/wp-json\/wp\/v2\/posts\/255007\/revisions"}],"wp:featuredmedia":[{"embeddable":true,"href":"https:\/\/www.europesays.com\/fr\/wp-json\/wp\/v2\/media\/255008"}],"wp:attachment":[{"href":"https:\/\/www.europesays.com\/fr\/wp-json\/wp\/v2\/media?parent=255007"}],"wp:term":[{"taxonomy":"category","embeddable":true,"href":"https:\/\/www.europesays.com\/fr\/wp-json\/wp\/v2\/categories?post=255007"},{"taxonomy":"post_tag","embeddable":true,"href":"https:\/\/www.europesays.com\/fr\/wp-json\/wp\/v2\/tags?post=255007"}],"curies":[{"name":"wp","href":"https:\/\/api.w.org\/{rel}","templated":true}]}}