{"id":255011,"date":"2025-07-17T23:08:13","date_gmt":"2025-07-17T23:08:13","guid":{"rendered":"https:\/\/www.europesays.com\/fr\/255011\/"},"modified":"2025-07-17T23:08:13","modified_gmt":"2025-07-17T23:08:13","slug":"ma-confiance-et-mon-esprit-netaient-pas-du-tout-au-top-wawrinka-honnete-apres-sa-defaite-a-gstaad","status":"publish","type":"post","link":"https:\/\/www.europesays.com\/fr\/255011\/","title":{"rendered":"\u00ab\u00a0Ma confiance et mon esprit n\u2019\u00e9taient pas du tout au top\u00a0\u00bb, Wawrinka honn\u00eate apr\u00e8s sa d\u00e9faite \u00e0 Gstaad"},"content":{"rendered":"<p>                <img decoding=\"async\" src=\"https:\/\/www.europesays.com\/fr\/wp-content\/uploads\/2025\/07\/SjFt.jpg\" alt=\"\u00ab\u00a0Ma confiance et mon esprit n\u2019\u00e9taient pas du tout au top\u00a0\u00bb, Wawrinka honn\u00eate apr\u00e8s sa d\u00e9faite \u00e0 Gstaad\"\/><\/p>\n<p>Apr\u00e8s son \u00e9limination face \u00e0 Shevchenko (6-3, 6-2) \u00e0 Gstaad, sa 11\u1d49 au premier tour cette saison, Wawrinka a fait part de son sentiment concernant sa situation actuelle. \u00c0 40 ans, le Suisse sait qu\u2019il est tout proche de poser la raquette :<\/p>\n<p>\u00ab J\u2019ai eu plusieurs occasions au d\u00e9but de la rencontre. Malheureusement, je n\u2019ai pas pu prendre l\u2019avantage. Je n\u2019ai pas pu faire le break. Je me suis mis sous pression. D\u00e8s que l\u2019on h\u00e9site dans le jeu, les choses se compliquent. En tout cas, j\u2019arrive \u00e0 la fin de ma carri\u00e8re, je ne vais pas me trouver d\u2019excuses. J\u2019ai perdu 6-3 6-2, le score dit tout, la confiance et la t\u00eate n\u2019\u00e9taient pas l\u00e0 du tout. \u00bb<\/p>\n<p>Malgr\u00e9 sa finale au Challenger d&rsquo;Aix-en-Provence, et sa demi-finale \u00e0 celui d\u2019Iasi, il n\u2019a gagn\u00e9 que onze fois en 27 matchs cette saison.<\/p>\n","protected":false},"excerpt":{"rendered":"Apr\u00e8s son \u00e9limination face \u00e0 Shevchenko (6-3, 6-2) \u00e0 Gstaad, sa 11\u1d49 au premier tour cette saison, Wawrinka&hellip;\n","protected":false},"author":2,"featured_media":255012,"comment_status":"","ping_status":"","sticky":false,"template":"","format":"standard","meta":{"footnotes":""},"categories":[1415],"tags":[1011,27,60,1467],"class_list":{"0":"post-255011","1":"post","2":"type-post","3":"status-publish","4":"format-standard","5":"has-post-thumbnail","7":"category-tennis","8":"tag-fr","9":"tag-france","10":"tag-sports","11":"tag-tennis"},"share_on_mastodon":{"url":"https:\/\/pubeurope.com\/@fr\/114871094690726158","error":""},"_links":{"self":[{"href":"https:\/\/www.europesays.com\/fr\/wp-json\/wp\/v2\/posts\/255011","targetHints":{"allow":["GET"]}}],"collection":[{"href":"https:\/\/www.europesays.com\/fr\/wp-json\/wp\/v2\/posts"}],"about":[{"href":"https:\/\/www.europesays.com\/fr\/wp-json\/wp\/v2\/types\/post"}],"author":[{"embeddable":true,"href":"https:\/\/www.europesays.com\/fr\/wp-json\/wp\/v2\/users\/2"}],"replies":[{"embeddable":true,"href":"https:\/\/www.europesays.com\/fr\/wp-json\/wp\/v2\/comments?post=255011"}],"version-history":[{"count":0,"href":"https:\/\/www.europesays.com\/fr\/wp-json\/wp\/v2\/posts\/255011\/revisions"}],"wp:featuredmedia":[{"embeddable":true,"href":"https:\/\/www.europesays.com\/fr\/wp-json\/wp\/v2\/media\/255012"}],"wp:attachment":[{"href":"https:\/\/www.europesays.com\/fr\/wp-json\/wp\/v2\/media?parent=255011"}],"wp:term":[{"taxonomy":"category","embeddable":true,"href":"https:\/\/www.europesays.com\/fr\/wp-json\/wp\/v2\/categories?post=255011"},{"taxonomy":"post_tag","embeddable":true,"href":"https:\/\/www.europesays.com\/fr\/wp-json\/wp\/v2\/tags?post=255011"}],"curies":[{"name":"wp","href":"https:\/\/api.w.org\/{rel}","templated":true}]}}