{"id":255020,"date":"2025-07-17T23:14:10","date_gmt":"2025-07-17T23:14:10","guid":{"rendered":"https:\/\/www.europesays.com\/fr\/255020\/"},"modified":"2025-07-17T23:14:10","modified_gmt":"2025-07-17T23:14:10","slug":"khloe-kardashian-dit-adieu-aux-retouches-sur-ses-photos-je-ressemblais-a-un-personnage-de-dessin-anime","status":"publish","type":"post","link":"https:\/\/www.europesays.com\/fr\/255020\/","title":{"rendered":"Khlo\u00e9 Kardashian dit adieu aux retouches sur ses photos : \u00abJe ressemblais \u00e0 un personnage de dessin anim\u00e9\u00bb"},"content":{"rendered":"<p>Il fut un temps o\u00f9 <a href=\"https:\/\/www.vanityfair.fr\/galerie\/kim-et-khloe-kardashian-kris-jenner-oprah-winfrey-stars-venise-mariage-lauren-sanchez-jeff-bezos\" rel=\"nofollow noopener\" target=\"_blank\">Khlo\u00e9 Kardashian<\/a> n\u2019osait pas poster une photo sans l\u2019avoir retouch\u00e9e. Saturation des filtres, peau liss\u00e9e \u00e0 l\u2019extr\u00eame, silhouettes redessin\u00e9es&#8230; Un cercle vicieux dont elle affirme aujourd\u2019hui s\u2019\u00eatre lib\u00e9r\u00e9e. Dans le dernier \u00e9pisode de son podcast, <a data-offer-url=\"https:\/\/open.spotify.com\/episode\/3CYsRpflqi2c5HcgsovdER\" class=\"external-link\" data-event-click=\"{&quot;element&quot;:&quot;ExternalLink&quot;,&quot;outgoingURL&quot;:&quot;https:\/\/open.spotify.com\/episode\/3CYsRpflqi2c5HcgsovdER&quot;}\" href=\"https:\/\/open.spotify.com\/episode\/3CYsRpflqi2c5HcgsovdER\" rel=\"nofollow noopener\" target=\"_blank\">Khlo\u00e9 in Wonderland<\/a>, elle confie ne plus retoucher ses photos Instagram.<\/p>\n<p>Instagram content<\/p>\n<p>This content can also be viewed on the site it <a href=\"https:\/\/www.instagram.com\/p\/DJUo91iyubH\" target=\"_blank\" rel=\"nofollow noreferrer noopener\" aria-label=\"Opens in a new window\" class=\"BaseWrap-sc-gjQpdd BaseText-ewhhUZ BaseLink-eNWuiM ConsentBannerLink-dJZMSz iUEiRd hfDfPc joAuXZ\">originates<\/a> from.<\/p>\n<p>\u00ab Je ne le fais plus. Avant, je fr\u00e9quentais des gens qui me donnaient envie de le faire. Je pense aussi que c\u2019\u00e9tait l\u2019\u00e9poque. J\u2019avais l\u2019impression que tout le monde le faisait, ou en tout cas, beaucoup plus qu\u2019aujourd\u2019hui, explique-t-elle. On \u00e9tait litt\u00e9ralement satur\u00e9s de filtres, au point de ne plus se supporter sans. \u00bb L\u2019Am\u00e9ricaine avoue m\u00eame que le r\u00e9sultat la faisait ressembler \u00e0 un \u00ab personnage de dessin anim\u00e9 \u00bb. Avec le recul, elle trouve \u00ab humiliant \u00bb d\u2019avoir pens\u00e9 qu\u2019elle paraissait mieux ainsi : \u00ab Je me sens mal d\u2019avoir cru que je devais ressembler \u00e0 \u00e7a. \u00bb<\/p>\n<p>Longtemps, elle s\u2019est convaincue que les photos de paparazzis ne la repr\u00e9sentaient pas. \u00ab J\u2019ai vraiment d\u00fb me reprogrammer mentalement pour me dire : \u201cIl faut laisser tomber les filtres. Ce n\u2019est pas r\u00e9el. Ce n\u2019est pas comme \u00e7a que je suis. Et je ne veux pas ressembler \u00e0 \u00e7a.\u201d C\u2019\u00e9tait une p\u00e9riode \u00e9trange \u00bb, admet la m\u00e8re de famille.<\/p>\n<p>Aujourd\u2019hui, elle privil\u00e9gie la lumi\u00e8re naturelle, les bons angles, et surtout, une vision d\u2019elle plus align\u00e9e avec la r\u00e9alit\u00e9. \u00ab J\u2019aime avoir un bon \u00e9clairage. Je prends parfois plusieurs photos pour en trouver une qui me pla\u00eet. Mais je n\u2019ai plus besoin de toutes les retoucher. \u00bb<\/p>\n<p>Ce changement s\u2019inscrit dans une dynamique plus large chez les Kardashian, qui semblent d\u00e9sormais jouer la carte de la transparence. R\u00e9cemment, Khlo\u00e9 Kardashian a d\u00e9voil\u00e9 l<a href=\"https:\/\/www.vanityfair.fr\/article\/khloe-kardashian-leve-le-voile-sur-lensemble-des-chirurgies-quelle-a-realisees\" rel=\"nofollow noopener\" target=\"_blank\">a liste compl\u00e8te de ses interventions esth\u00e9tiques<\/a>, allant de son nez redessin\u00e9 \u00e0 des soins de peau \u00e0 base de sperme de saumon. De son c\u00f4t\u00e9, Kylie Jenner, sa s\u0153ur, <a href=\"https:\/\/www.vanityfair.fr\/article\/kylie-jenner-tiktok-details-augmentation-mammaire\" rel=\"nofollow noopener\" target=\"_blank\">a r\u00e9v\u00e9l\u00e9 les d\u00e9tails de son augmentation mammaire dans un commentaire TikTok<\/a>. Une toute nouvelle \u00e8re semble s\u2019ouvrir.<\/p>\n<p><script async src=\"\/\/www.instagram.com\/embed.js\"><\/script><\/p>\n","protected":false},"excerpt":{"rendered":"Il fut un temps o\u00f9 Khlo\u00e9 Kardashian n\u2019osait pas poster une photo sans l\u2019avoir retouch\u00e9e. Saturation des filtres,&hellip;\n","protected":false},"author":2,"featured_media":255021,"comment_status":"","ping_status":"","sticky":false,"template":"","format":"standard","meta":{"footnotes":""},"categories":[1359],"tags":[58,59,1011,27,34574,973],"class_list":{"0":"post-255020","1":"post","2":"type-post","3":"status-publish","4":"format-standard","5":"has-post-thumbnail","7":"category-people","8":"tag-divertissement","9":"tag-entertainment","10":"tag-fr","11":"tag-france","12":"tag-kardashian","13":"tag-people"},"share_on_mastodon":{"url":"https:\/\/pubeurope.com\/@fr\/114871118242760665","error":""},"_links":{"self":[{"href":"https:\/\/www.europesays.com\/fr\/wp-json\/wp\/v2\/posts\/255020","targetHints":{"allow":["GET"]}}],"collection":[{"href":"https:\/\/www.europesays.com\/fr\/wp-json\/wp\/v2\/posts"}],"about":[{"href":"https:\/\/www.europesays.com\/fr\/wp-json\/wp\/v2\/types\/post"}],"author":[{"embeddable":true,"href":"https:\/\/www.europesays.com\/fr\/wp-json\/wp\/v2\/users\/2"}],"replies":[{"embeddable":true,"href":"https:\/\/www.europesays.com\/fr\/wp-json\/wp\/v2\/comments?post=255020"}],"version-history":[{"count":0,"href":"https:\/\/www.europesays.com\/fr\/wp-json\/wp\/v2\/posts\/255020\/revisions"}],"wp:featuredmedia":[{"embeddable":true,"href":"https:\/\/www.europesays.com\/fr\/wp-json\/wp\/v2\/media\/255021"}],"wp:attachment":[{"href":"https:\/\/www.europesays.com\/fr\/wp-json\/wp\/v2\/media?parent=255020"}],"wp:term":[{"taxonomy":"category","embeddable":true,"href":"https:\/\/www.europesays.com\/fr\/wp-json\/wp\/v2\/categories?post=255020"},{"taxonomy":"post_tag","embeddable":true,"href":"https:\/\/www.europesays.com\/fr\/wp-json\/wp\/v2\/tags?post=255020"}],"curies":[{"name":"wp","href":"https:\/\/api.w.org\/{rel}","templated":true}]}}