{"id":255026,"date":"2025-07-17T23:18:11","date_gmt":"2025-07-17T23:18:11","guid":{"rendered":"https:\/\/www.europesays.com\/fr\/255026\/"},"modified":"2025-07-17T23:18:11","modified_gmt":"2025-07-17T23:18:11","slug":"je-me-sens-inspiree-ariana-grande-promet-a-ses-fans-inquiets-quelle-na-pas-lintention-darreter-la-musique","status":"publish","type":"post","link":"https:\/\/www.europesays.com\/fr\/255026\/","title":{"rendered":"\u00ab\u00a0Je me sens inspir\u00e9e\u00a0\u00bb\u2026 Ariana Grande promet \u00e0 ses fans inquiets qu\u2019elle n\u2019a pas l\u2019intention d\u2019arr\u00eater la musique"},"content":{"rendered":"<p>Les fans d\u2019<a href=\"https:\/\/www.20minutes.fr\/dossier\/ariana_grande\" class=\"color-ultramarine c-link\" target=\"_blank\" rel=\"noopener\">Ariana Grande<\/a> peuvent sortir de PLS\u00a0: le succ\u00e8s que la chanteuse a r\u00e9cemment rencontr\u00e9 au <a href=\"https:\/\/www.20minutes.fr\/arts-stars\/cinema\/\" class=\"color-ultramarine c-link\" target=\"_blank\" rel=\"noopener\">cin\u00e9ma <\/a>\u2013 elle a \u00e9t\u00e9 nomm\u00e9e \u00e0 l\u2019<a href=\"https:\/\/www.20minutes.fr\/arts-stars\/cinema\/oscars\/\" class=\"color-ultramarine c-link\" target=\"_blank\" rel=\"noopener\">Oscar<\/a> de la meilleure actrice dans un second r\u00f4le pour <a href=\"https:\/\/www.20minutes.fr\/arts-stars\/cinema\/4123141-20241125-wicked-pourquoi-comedie-musicale-phenomene\" class=\"color-ultramarine c-link\" target=\"_blank\" rel=\"noopener\">la com\u00e9die musicale Wicked<\/a> (2024) \u2013 ne lui a pas fait perdre go\u00fbt pour la musique, a-t-elle assur\u00e9.<\/p>\n<\/p>\n<p>\u00ab\u00a0C\u2019est vraiment stupide de votre part de penser que, sous pr\u00e9texte que j\u2019ai beaucoup de choses \u00e0 faire, j\u2019ai l\u2019intention d\u2019abandonner le chant et la <a href=\"https:\/\/www.20minutes.fr\/arts-stars\/culture\/musique\/\" class=\"color-ultramarine c-link\" target=\"_blank\" rel=\"noopener\">musique\u00a0<\/a>!\u00a0\u00bb, a-t-elle ainsi d\u00e9clar\u00e9 en l\u00e9gende d\u2019une <a href=\"https:\/\/www.20minutes.fr\/dossier\/video\" class=\"color-ultramarine c-link\" target=\"_blank\" rel=\"noopener\">vid\u00e9o <\/a>publi\u00e9e sur <a href=\"https:\/\/www.20minutes.fr\/high-tech\/instagram\/\" class=\"color-ultramarine c-link\" target=\"_blank\" rel=\"noopener\">Instagram <\/a>mercredi 16\u00a0juillet 2025 et dans laquelle on la voit chanter sur sc\u00e8ne.<\/p>\n<p class=\"mb-xxl@xs color-ultramarine font-weight-semi-bold@xs font-source-serif-pro heading-s@xs\">L\u2019acc\u00e8s \u00e0 ce contenu a \u00e9t\u00e9 bloqu\u00e9 afin de respecter votre choix de consentement<\/p>\n<p class=\"mb-m@xs text-l@xs\">En cliquant sur\u00ab J\u2019accepte \u00bb, vous acceptez le d\u00e9p\u00f4t de cookies par des services externes et aurez ainsi acc\u00e8s aux contenus de nos partenaires.<\/p>\n<p class=\"mb-xl@xs text-s@xs\">Plus d\u2019informations sur la page<a href=\"https:\/\/www.20minutes.fr\/gestion-cookies\" class=\"mx-xxs@xs color-ultramarine\" target=\"_blank\" rel=\"noopener\">Politique de gestion des cookies<\/a><\/p>\n<p>J\u2019accepte\u00ab\u00a0Ma bou\u00e9e de sauvetage\u00a0\u00bb<\/p>\n<p>\u00ab\u00a0[La musique] est et a toujours \u00e9t\u00e9 ma bou\u00e9e de sauvetage\u00a0\u00bb, poursuit-elle avant de conc\u00e9der que \u00ab\u00a0ce n\u2019est peut-\u00eatre plus exactement comme avant\u00a0\u00bb mais qu\u2019elle continue \u00e0 s\u2019amuser. \u00ab\u00a0Je me sens reconnaissante, excit\u00e9e, et inspir\u00e9e [\u2026] et je travaille sur un projet pour chanter pour vous toute l\u2019ann\u00e9e prochaine\u00a0\u00bb, conclut-elle.<\/p>\n<p><a href=\"https:\/\/www.20minutes.fr\/dossier\/ariana_grande\" class=\"c-link c-btn c-btn--primary\" target=\"_blank\" rel=\"noopener\">Notre dossier \u00ab Ariana Grande \u00bb<\/a><\/p>\n<p>Sorti en mars\u00a02024, le dernier album de la chanteuse am\u00e9ricaine, <a href=\"https:\/\/www.20minutes.fr\/arts-stars\/people\/4079242-20240303-fans-ariana-grande-peuvent-remercier-greve-acteurs-hollywoodiens\" class=\"color-ultramarine c-link\" target=\"_blank\" rel=\"noopener\">Eternal Sunshine<\/a>, n\u2019a pas \u00e9t\u00e9 suivi d\u2019une <a href=\"https:\/\/www.20minutes.fr\/dossier\/tournee\" class=\"color-ultramarine c-link\" target=\"_blank\" rel=\"noopener\">tourn\u00e9e<\/a>. D\u2019o\u00f9 le stress n\u00e9 chez ses fans, d\u2019autant plus inquiets que <a href=\"https:\/\/www.huffingtonpost.fr\/culture\/article\/ariana-grande-rassure-ses-fans-inquiets-qu-elle-arrete-de-faire-de-la-musique_252701.html\" rel=\"nofollow noopener\" target=\"_blank\" class=\"color-ultramarine c-link\">selon Le HuffPost<\/a>, elle vient d\u2019\u00eatre confirm\u00e9e au <a href=\"https:\/\/www.20minutes.fr\/dossier\/casting\" class=\"color-ultramarine c-link\" target=\"_blank\" rel=\"noopener\">casting <\/a>vocal d\u2019un <a href=\"https:\/\/www.20minutes.fr\/cinema\/film_d_animation\/\" class=\"color-ultramarine c-link\" target=\"_blank\" rel=\"noopener\">film d\u2019animation<\/a> et \u00e0 celui du quatri\u00e8me volet du film Mon beau-p\u00e8re et moi, avec <a href=\"https:\/\/www.20minutes.fr\/dossier\/robert_de_niro\" class=\"color-ultramarine c-link\" target=\"_blank\" rel=\"noopener\">Robert De Niro<\/a> et <a href=\"https:\/\/www.20minutes.fr\/dossier\/ben_stiller\" class=\"color-ultramarine c-link\" target=\"_blank\" rel=\"noopener\">Ben Stiller<\/a>.<\/p>\n","protected":false},"excerpt":{"rendered":"Les fans d\u2019Ariana Grande peuvent sortir de PLS\u00a0: le succ\u00e8s que la chanteuse a r\u00e9cemment rencontr\u00e9 au cin\u00e9ma&hellip;\n","protected":false},"author":2,"featured_media":255027,"comment_status":"","ping_status":"","sticky":false,"template":"","format":"standard","meta":{"footnotes":""},"categories":[1355],"tags":[27818,27819,17348,2704,650,251,58,59,31156,1011,27,2440,1361,873,15685,17008,4441],"class_list":{"0":"post-255026","1":"post","2":"type-post","3":"status-publish","4":"format-standard","5":"has-post-thumbnail","7":"category-musique","8":"tag-ariana-grande","9":"tag-ben-stiller","10":"tag-chant","11":"tag-chanteuse","12":"tag-cinema","13":"tag-culture","14":"tag-divertissement","15":"tag-entertainment","16":"tag-film-danimation","17":"tag-fr","18":"tag-france","19":"tag-instagram","20":"tag-music","21":"tag-musique","22":"tag-oscars","23":"tag-robert-de-niro","24":"tag-tournee"},"share_on_mastodon":{"url":"https:\/\/pubeurope.com\/@fr\/114871134043343742","error":""},"_links":{"self":[{"href":"https:\/\/www.europesays.com\/fr\/wp-json\/wp\/v2\/posts\/255026","targetHints":{"allow":["GET"]}}],"collection":[{"href":"https:\/\/www.europesays.com\/fr\/wp-json\/wp\/v2\/posts"}],"about":[{"href":"https:\/\/www.europesays.com\/fr\/wp-json\/wp\/v2\/types\/post"}],"author":[{"embeddable":true,"href":"https:\/\/www.europesays.com\/fr\/wp-json\/wp\/v2\/users\/2"}],"replies":[{"embeddable":true,"href":"https:\/\/www.europesays.com\/fr\/wp-json\/wp\/v2\/comments?post=255026"}],"version-history":[{"count":0,"href":"https:\/\/www.europesays.com\/fr\/wp-json\/wp\/v2\/posts\/255026\/revisions"}],"wp:featuredmedia":[{"embeddable":true,"href":"https:\/\/www.europesays.com\/fr\/wp-json\/wp\/v2\/media\/255027"}],"wp:attachment":[{"href":"https:\/\/www.europesays.com\/fr\/wp-json\/wp\/v2\/media?parent=255026"}],"wp:term":[{"taxonomy":"category","embeddable":true,"href":"https:\/\/www.europesays.com\/fr\/wp-json\/wp\/v2\/categories?post=255026"},{"taxonomy":"post_tag","embeddable":true,"href":"https:\/\/www.europesays.com\/fr\/wp-json\/wp\/v2\/tags?post=255026"}],"curies":[{"name":"wp","href":"https:\/\/api.w.org\/{rel}","templated":true}]}}