{"id":255037,"date":"2025-07-17T23:24:12","date_gmt":"2025-07-17T23:24:12","guid":{"rendered":"https:\/\/www.europesays.com\/fr\/255037\/"},"modified":"2025-07-17T23:24:12","modified_gmt":"2025-07-17T23:24:12","slug":"la-gare-du-nord-evacuee-une-fuite-de-gaz-en-cause","status":"publish","type":"post","link":"https:\/\/www.europesays.com\/fr\/255037\/","title":{"rendered":"La gare du Nord \u00e9vacu\u00e9e, une fuite de gaz en cause"},"content":{"rendered":"<p>Une fuite de gaz a fait \u00e9vacuer la gare du Nord \u00e0 <a href=\"https:\/\/www.20minutes.fr\/paris\/\" class=\"color-ultramarine c-link\" rel=\"nofollow noopener\" target=\"_blank\">Paris<\/a>, ce jeudi 17\u00a0juillet. Les voyageurs ont d\u00fb patienter sur le parvis vers 18 heures et plusieurs lignes ont \u00e9t\u00e9 coup\u00e9es ou perturb\u00e9es, rapporte <a href=\"https:\/\/www.leparisien.fr\/info-paris-ile-de-france-oise\/transports\/paris-la-gare-du-nord-evacuee-plusieurs-lignes-coupees-en-raison-dune-fuite-de-gaz-17-07-2025-BCXVRO7GPRAJFHH2S3GLCEPXJ4.php\" rel=\"nofollow noopener\" target=\"_blank\" class=\"color-ultramarine c-link\">Le Parisien<\/a>.<\/p>\n<p>\u00ab\u00a0Un p\u00e9rim\u00e8tre de s\u00e9curit\u00e9 a \u00e9t\u00e9 mis en place \u00e0 Paris Nord suite \u00e0 une odeur signal\u00e9e par la police. Les pompiers sont d\u00e9j\u00e0 sur place et les recherches sont en cours\u00a0\u00bb, a d\u00e9taill\u00e9 une porte-parole de SNCF R\u00e9seau, qui g\u00e8re l\u2019infrastructure.<\/p>\n<p>L\u2019alerte a \u00e9t\u00e9 lev\u00e9e vers 18h45 et l\u2019ensemble du trafic reprend sur <a href=\"https:\/\/x.com\/LigneH_SNCF\/status\/1945883662643331543\" target=\"_blank\" class=\"color-ultramarine c-link\" rel=\"nofollow\">les lignes B, D, H, K<\/a> et les lignes 4 et 5 du m\u00e9tro. Toutefois, le <a href=\"https:\/\/www.20minutes.fr\/dossier\/rer_c\" class=\"color-ultramarine c-link\" rel=\"nofollow noopener\" target=\"_blank\">RER C<\/a> \u00ab\u00a0est ralenti entre <a href=\"https:\/\/www.20minutes.fr\/dossier\/pontoise\" class=\"color-ultramarine c-link\" rel=\"nofollow noopener\" target=\"_blank\">Pontoise<\/a> et Montigny-Beauchamp dans les deux sens de circulation en raison d\u2019une fuite de gaz dans le secteur de Paris Nord (<a href=\"https:\/\/www.20minutes.fr\/dossier\/gare_du_nord\" class=\"color-ultramarine c-link\" rel=\"nofollow noopener\" target=\"_blank\">Gare du Nord<\/a>)\u00a0\u00bb. Les grandes lignes, elles, n\u2019ont pas \u00e9t\u00e9 perturb\u00e9es a indiqu\u00e9 la <a href=\"https:\/\/www.20minutes.fr\/dossier\/sncf\" class=\"color-ultramarine c-link\" rel=\"nofollow noopener\" target=\"_blank\">SNCF<\/a>.<\/p>\n","protected":false},"excerpt":{"rendered":"Une fuite de gaz a fait \u00e9vacuer la gare du Nord \u00e0 Paris, ce jeudi 17\u00a0juillet. Les voyageurs&hellip;\n","protected":false},"author":2,"featured_media":255038,"comment_status":"","ping_status":"","sticky":false,"template":"","format":"standard","meta":{"footnotes":""},"categories":[6],"tags":[47,35,33,34,118,1011,27,14904,843,662,626],"class_list":{"0":"post-255037","1":"post","2":"type-post","3":"status-publish","4":"format-standard","5":"has-post-thumbnail","7":"category-economie","8":"tag-actualite","9":"tag-business","10":"tag-economie","11":"tag-economy","12":"tag-faits-divers","13":"tag-fr","14":"tag-france","15":"tag-gare-du-nord","16":"tag-gaz","17":"tag-ile-de-france","18":"tag-paris"},"share_on_mastodon":{"url":"https:\/\/pubeurope.com\/@fr\/114871157627514092","error":""},"_links":{"self":[{"href":"https:\/\/www.europesays.com\/fr\/wp-json\/wp\/v2\/posts\/255037","targetHints":{"allow":["GET"]}}],"collection":[{"href":"https:\/\/www.europesays.com\/fr\/wp-json\/wp\/v2\/posts"}],"about":[{"href":"https:\/\/www.europesays.com\/fr\/wp-json\/wp\/v2\/types\/post"}],"author":[{"embeddable":true,"href":"https:\/\/www.europesays.com\/fr\/wp-json\/wp\/v2\/users\/2"}],"replies":[{"embeddable":true,"href":"https:\/\/www.europesays.com\/fr\/wp-json\/wp\/v2\/comments?post=255037"}],"version-history":[{"count":0,"href":"https:\/\/www.europesays.com\/fr\/wp-json\/wp\/v2\/posts\/255037\/revisions"}],"wp:featuredmedia":[{"embeddable":true,"href":"https:\/\/www.europesays.com\/fr\/wp-json\/wp\/v2\/media\/255038"}],"wp:attachment":[{"href":"https:\/\/www.europesays.com\/fr\/wp-json\/wp\/v2\/media?parent=255037"}],"wp:term":[{"taxonomy":"category","embeddable":true,"href":"https:\/\/www.europesays.com\/fr\/wp-json\/wp\/v2\/categories?post=255037"},{"taxonomy":"post_tag","embeddable":true,"href":"https:\/\/www.europesays.com\/fr\/wp-json\/wp\/v2\/tags?post=255037"}],"curies":[{"name":"wp","href":"https:\/\/api.w.org\/{rel}","templated":true}]}}