{"id":255039,"date":"2025-07-17T23:25:11","date_gmt":"2025-07-17T23:25:11","guid":{"rendered":"https:\/\/www.europesays.com\/fr\/255039\/"},"modified":"2025-07-17T23:25:11","modified_gmt":"2025-07-17T23:25:11","slug":"apres-la-frappe-sur-une-eglise-a-gaza-netanyahu-dit-regretter-profondement-cette-tragedie","status":"publish","type":"post","link":"https:\/\/www.europesays.com\/fr\/255039\/","title":{"rendered":"Apr\u00e8s la frappe sur une \u00e9glise \u00e0 Gaza, Netanyahu dit \u00ab\u00a0regretter profond\u00e9ment\u00a0\u00bb cette \u00ab\u00a0trag\u00e9die\u00a0\u00bb"},"content":{"rendered":"<p>        <img decoding=\"async\" loading=\"lazy\" src=\"https:\/\/www.europesays.com\/fr\/wp-content\/uploads\/2025\/07\/3f09fe5_upload-1-vxys5f22iwf8-000-637c4ww.jpg\"  width=\"728\" height=\"410\" alt=\"Le Premier ministre isra\u00e9lien Benjamin Netanyahu a dit regretter la frappe sur l\u2019\u00e9glise de Gaza. (photo d\u2019illustration)\"\/>  <\/p>\n<p>JACK GUEZ \/ AFP<\/p>\n<p>Le Premier ministre isra\u00e9lien Benjamin Netanyahu a dit regretter la frappe sur l\u2019\u00e9glise de Gaza. (photo d\u2019illustration)<\/p>\n<p class=\"asset asset-text\">GAZA &#8211; Mea culpa. Le Premier ministre isra\u00e9lien<a href=\"https:\/\/www.huffingtonpost.fr\/international\/article\/benjamin-netanyahu-dit-subir-le-cout-personnel-de-la-guerre-apres-l-annulation-du-mariage-de-son-fils_251621.html\" target=\"_blank\" rel=\"noopener\"> Benjamin Netanyahu<\/a> a d\u00e9clar\u00e9 qu\u2019Isra\u00ebl \u00ab\u00a0regrette profond\u00e9ment\u00a0\u00bb la frappe men\u00e9e ce jeudi 17\u00a0juillet dans la matin\u00e9e sur<a href=\"https:\/\/www.huffingtonpost.fr\/international\/video\/gaza-denonce-une-frappe-contre-la-seule-eglise-catholique-du-territoire-palestinien-israel-enquete_252700.html\" target=\"_blank\" rel=\"noopener\"> une \u00e9glise \u00e0 Gaza<\/a> et qui a fait trois morts, selon un communiqu\u00e9 de son bureau.<\/p>\n<p class=\"asset asset-text\">\u00ab\u00a0Isra\u00ebl regrette profond\u00e9ment qu\u2019un tir perdu ait atteint l\u2019\u00e9glise de la Sainte Famille \u00e0 Gaza. Chaque vie innocente perdue est une trag\u00e9die. Nous partageons la douleur des familles et des fid\u00e8les\u00a0\u00bb, lit-on dans ce communiqu\u00e9.<\/p>\n<p class=\"asset asset-text\">Plus t\u00f4t ce jeudi, le Premier ministre isra\u00e9lien s\u2019est entretenu avec le pr\u00e9sident am\u00e9ricain Donald Trump. \u00ab C\u2019\u00e9tait une erreur des Isra\u00e9liens de frapper cette \u00e9glise catholique, c\u2019est ce qu\u2019a dit le Premier ministre au Pr\u00e9sident\u00a0\u00bb, a d\u00e9clar\u00e9 \u00e0 la presse la porte-parole de la Maison Blanche Karoline Leavitt.<\/p>\n<p>    Trois morts    <\/p>\n<p class=\"asset asset-text\">Le patriarcat latin de J\u00e9rusalem a annonc\u00e9 jeudi la mort de trois personnes dans une frappe isra\u00e9lienne sur la seule \u00e9glise catholique de la bande de Gaza, refuge pour cette petite communaut\u00e9 depuis le d\u00e9but de la guerre il y a 21 mois.<\/p>\n<p class=\"asset asset-text\">Isra\u00ebl, en guerre contre le mouvement islamiste palestinien Hamas \u00e0 Gaza, a affirm\u00e9 ne \u00ab\u00a0jamais cibler\u00a0\u00bb de sites religieux dans le territoire palestinien, ajoutant \u00ab\u00a0examiner\u00a0\u00bb les circonstances dans lesquelles l\u2019\u00e9glise a \u00e9t\u00e9 endommag\u00e9e.<\/p>\n<p class=\"asset asset-text\">Le pape L\u00e9on XIV s\u2019est dit \u00ab\u00a0profond\u00e9ment attrist\u00e9\u00a0\u00bb et a renouvel\u00e9 son appel \u00ab\u00a0\u00e0 un cessez-le-feu imm\u00e9diat\u00a0\u00bb.<\/p>\n<p class=\"asset asset-text\">Le pr\u00e9sident fran\u00e7ais Emmanuel Macron s\u2019est quant \u00e0 lui entretenu avec le Cardinal de J\u00e9rusalem et a condamn\u00e9 \u00ab\u00a0fermement\u00a0\u00bb la frappe isra\u00e9lienne. \u00ab Nos pens\u00e9es vont aux victimes, \u00e0 leurs familles et \u00e0 tous les chr\u00e9tiens qui, comme l\u2019ensemble des civils palestiniens de Gaza et les otages, vivent l\u2019enfer\u00a0\u00bb, a-t-il d\u00e9clar\u00e9 sur X.<\/p>\n","protected":false},"excerpt":{"rendered":"JACK GUEZ \/ AFP Le Premier ministre isra\u00e9lien Benjamin Netanyahu a dit regretter la frappe sur l\u2019\u00e9glise de&hellip;\n","protected":false},"author":2,"featured_media":255040,"comment_status":"","ping_status":"","sticky":false,"template":"","format":"standard","meta":{"footnotes":""},"categories":[5],"tags":[11,3448,1011,27,665,14,664,12,28],"class_list":{"0":"post-255039","1":"post","2":"type-post","3":"status-publish","4":"format-standard","5":"has-post-thumbnail","7":"category-international","8":"tag-actualites","9":"tag-benjamin-netanyahou","10":"tag-fr","11":"tag-france","12":"tag-gaza","13":"tag-international","14":"tag-israel","15":"tag-news","16":"tag-world"},"share_on_mastodon":{"url":"https:\/\/pubeurope.com\/@fr\/114871161584325226","error":""},"_links":{"self":[{"href":"https:\/\/www.europesays.com\/fr\/wp-json\/wp\/v2\/posts\/255039","targetHints":{"allow":["GET"]}}],"collection":[{"href":"https:\/\/www.europesays.com\/fr\/wp-json\/wp\/v2\/posts"}],"about":[{"href":"https:\/\/www.europesays.com\/fr\/wp-json\/wp\/v2\/types\/post"}],"author":[{"embeddable":true,"href":"https:\/\/www.europesays.com\/fr\/wp-json\/wp\/v2\/users\/2"}],"replies":[{"embeddable":true,"href":"https:\/\/www.europesays.com\/fr\/wp-json\/wp\/v2\/comments?post=255039"}],"version-history":[{"count":0,"href":"https:\/\/www.europesays.com\/fr\/wp-json\/wp\/v2\/posts\/255039\/revisions"}],"wp:featuredmedia":[{"embeddable":true,"href":"https:\/\/www.europesays.com\/fr\/wp-json\/wp\/v2\/media\/255040"}],"wp:attachment":[{"href":"https:\/\/www.europesays.com\/fr\/wp-json\/wp\/v2\/media?parent=255039"}],"wp:term":[{"taxonomy":"category","embeddable":true,"href":"https:\/\/www.europesays.com\/fr\/wp-json\/wp\/v2\/categories?post=255039"},{"taxonomy":"post_tag","embeddable":true,"href":"https:\/\/www.europesays.com\/fr\/wp-json\/wp\/v2\/tags?post=255039"}],"curies":[{"name":"wp","href":"https:\/\/api.w.org\/{rel}","templated":true}]}}