{"id":255052,"date":"2025-07-17T23:33:10","date_gmt":"2025-07-17T23:33:10","guid":{"rendered":"https:\/\/www.europesays.com\/fr\/255052\/"},"modified":"2025-07-17T23:33:10","modified_gmt":"2025-07-17T23:33:10","slug":"lancien-maire-du-pradet-roland-joffre-sest-eteint-a-lage-de-78-ans","status":"publish","type":"post","link":"https:\/\/www.europesays.com\/fr\/255052\/","title":{"rendered":"L\u2019ancien maire du Pradet Roland Joffre s\u2019est \u00e9teint \u00e0 l\u2019\u00e2ge de 78 ans"},"content":{"rendered":"<p>Roland Joffre s\u2019en est all\u00e9. L\u2019ancien maire du Pradet est d\u00e9c\u00e9d\u00e9 mercredi 16 juillet, \u00e0 l\u2019\u00e2ge de 78 ans \u00ab\u00a0des suites d\u2019une maladie d\u00e9g\u00e9n\u00e9rative\u00a0\u00bb, a-t-on appris de ses proches.<\/p>\n<p>Figure marquante de la vie politique locale, il laisse une trace ind\u00e9l\u00e9bile dans l\u2019histoire de la commune.<\/p>\n<p>Enseignant au lyc\u00e9e \u00e0 La Seyne, puis \u00e0 l\u2019universit\u00e9 de La Garde, Roland Joffre s\u2019est engag\u00e9 en politique en 1977, en tant que conseiller municipal. En 1989, il acc\u00e8de \u00e0 la fonction de maire, qu\u2019il exercera durant trois mandats successifs, soit dix-neuf ann\u00e9es jusqu\u2019en 2008. Parmi ses r\u00e9alisations les plus embl\u00e9matiques, figurent la requalification de la place centrale du village, la cr\u00e9ation de l\u2019espace des arts, l\u2019implantation du mus\u00e9e de la mine de Cap Garonne, la cr\u00e9ation du groupe scolaire Charles Sandro ou encore le centre de loisirs l\u2019Acacia d\u2019argent.<\/p>\n<p>\u00a0\u00bb C\u2019\u00e9tait un homme d\u2019une grande humilit\u00e9, qui v\u00e9hiculait des valeurs d\u2019\u00e9quit\u00e9, de justice et d\u2019un engagement constant au service des autres. Il a toujours agi dans l\u2019int\u00e9r\u00eat g\u00e9n\u00e9ral, fid\u00e8le \u00e0 ses convictions de gauche, et se positionnait comme un homme \u00e0 l\u2019esprit rassembleur et ouvert\u00a0\u00bb, t\u00e9moigne son fils \u00c9ric.<\/p>\n<p>\u00ab\u00a0Roland Joffre a beaucoup \u0153uvr\u00e9 pour Le Pradet et s\u2019est investi pour le monde associatif. C\u2019\u00e9tait un homme de conviction, qui aimait sa commune et sa commune l\u2019aimait. Il a fait le choix de l\u2019engagement et a donn\u00e9 trois mandats de sa vie au Pradet. Il est important de lui rendre hommage \u00ab\u00a0, ajoute Herv\u00e9 Stassinos, actuel maire du Pradet.<\/p>\n<p>Les obs\u00e8ques de Roland Joffre auront lieu le 24 juillet prochain. Un hommage r\u00e9publicain lui sera rendu devant la mairie \u00e0 14h, avant une b\u00e9n\u00e9diction en l\u2019\u00e9glise Saint Raymond Nonnat, \u00e0 15h. \u00ab\u00a0Ce sera une c\u00e9r\u00e9monie sobre et solennelle comme il l\u2019aurait souhait\u00e9\u00a0\u00bb, ajoute Eric Joffre.<\/p>\n<p>\u00c0 son \u00e9pouse Nicole, ses fils Eric et Marc et ses deux petites-filles, Var-matin adresse toutes ses condol\u00e9ances.<\/p>\n","protected":false},"excerpt":{"rendered":"Roland Joffre s\u2019en est all\u00e9. L\u2019ancien maire du Pradet est d\u00e9c\u00e9d\u00e9 mercredi 16 juillet, \u00e0 l\u2019\u00e2ge de 78&hellip;\n","protected":false},"author":2,"featured_media":255053,"comment_status":"","ping_status":"","sticky":false,"template":"","format":"standard","meta":{"footnotes":""},"categories":[9619],"tags":[1111,11,1777,674,1011,27,12,882,25,2310,3366],"class_list":{"0":"post-255052","1":"post","2":"type-post","3":"status-publish","4":"format-standard","5":"has-post-thumbnail","7":"category-toulon","8":"tag-actu","9":"tag-actualites","10":"tag-eu","11":"tag-europe","12":"tag-fr","13":"tag-france","14":"tag-news","15":"tag-provence-alpes-cote-dazur","16":"tag-republique-francaise","17":"tag-toulon","18":"tag-vie-locale"},"share_on_mastodon":{"url":"https:\/\/pubeurope.com\/@fr\/114871193020870260","error":""},"_links":{"self":[{"href":"https:\/\/www.europesays.com\/fr\/wp-json\/wp\/v2\/posts\/255052","targetHints":{"allow":["GET"]}}],"collection":[{"href":"https:\/\/www.europesays.com\/fr\/wp-json\/wp\/v2\/posts"}],"about":[{"href":"https:\/\/www.europesays.com\/fr\/wp-json\/wp\/v2\/types\/post"}],"author":[{"embeddable":true,"href":"https:\/\/www.europesays.com\/fr\/wp-json\/wp\/v2\/users\/2"}],"replies":[{"embeddable":true,"href":"https:\/\/www.europesays.com\/fr\/wp-json\/wp\/v2\/comments?post=255052"}],"version-history":[{"count":0,"href":"https:\/\/www.europesays.com\/fr\/wp-json\/wp\/v2\/posts\/255052\/revisions"}],"wp:featuredmedia":[{"embeddable":true,"href":"https:\/\/www.europesays.com\/fr\/wp-json\/wp\/v2\/media\/255053"}],"wp:attachment":[{"href":"https:\/\/www.europesays.com\/fr\/wp-json\/wp\/v2\/media?parent=255052"}],"wp:term":[{"taxonomy":"category","embeddable":true,"href":"https:\/\/www.europesays.com\/fr\/wp-json\/wp\/v2\/categories?post=255052"},{"taxonomy":"post_tag","embeddable":true,"href":"https:\/\/www.europesays.com\/fr\/wp-json\/wp\/v2\/tags?post=255052"}],"curies":[{"name":"wp","href":"https:\/\/api.w.org\/{rel}","templated":true}]}}