{"id":255056,"date":"2025-07-17T23:35:11","date_gmt":"2025-07-17T23:35:11","guid":{"rendered":"https:\/\/www.europesays.com\/fr\/255056\/"},"modified":"2025-07-17T23:35:11","modified_gmt":"2025-07-17T23:35:11","slug":"previsions-du-vendredi-18-juillet-2025","status":"publish","type":"post","link":"https:\/\/www.europesays.com\/fr\/255056\/","title":{"rendered":"pr\u00e9visions du vendredi 18 juillet 2025"},"content":{"rendered":"<p>Le soleil sera au rendez-vous \u00e0 Montpellier : une magnifique journ\u00e9e se profile ! La chaleur estivale sera bien au rendez-vous puisque les valeurs seront quand m\u00eame de 22\u00b0C au minimum et de 31\u00b0C au maximum. Un vent de sud rafra\u00eechira sensiblement l&rsquo;atmosph\u00e8re. La ville va subir, le matin, une vague de grosses chaleurs avec des temp\u00e9ratures qui atteindront parfois les 30\u00b0C. L&rsquo;apr\u00e8s-midi va \u00eatre tr\u00e8s suffocant : pr\u00e8s de 31\u00b0C. L&rsquo;\u00e9t\u00e9 s&rsquo;est d\u00e9finitivement install\u00e9 puisque les valeurs iront de 28 \u00e0 31\u00b0C. Il fera environ 25\u00b0C, le soir. On pr\u00e9voit une nuit claire entre vendredi et samedi.<\/p>\n<p>Demain, les temp\u00e9ratures vont baisser de quelques degr\u00e9s \u00e0 Montpellier. Ce sera un bel \u00e9t\u00e9 : les temp\u00e9ratures seront comprises entre 21 et 27\u00b0C. Une modeste brise de sud-est sera ressentie par les habitants. La m\u00e9t\u00e9o devrait s&rsquo;am\u00e9liorer pendant la matin\u00e9e. Un beau soleil est pr\u00e9vu demain apr\u00e8s-midi. Les valeurs s&rsquo;\u00e9chelonneront entre 26\u00b0C et 27\u00b0C, donnant aux habitants l&rsquo;occasion d&rsquo;appr\u00e9cier la saison estivale. Demain soir, le mercure affichera 23\u00b0C en moyenne.<\/p>\n<p>Des changements sont attendus les jours qui suivent. Le temps sera pluvieux dimanche mais il conna\u00eetra une am\u00e9lioration lundi.<\/p>\n<p><\/p>\n","protected":false},"excerpt":{"rendered":"Le soleil sera au rendez-vous \u00e0 Montpellier : une magnifique journ\u00e9e se profile ! La chaleur estivale sera&hellip;\n","protected":false},"author":2,"featured_media":255057,"comment_status":"","ping_status":"","sticky":false,"template":"","format":"standard","meta":{"footnotes":""},"categories":[9599],"tags":[1111,11,1777,674,1011,27,7089,2681,2208,12,2680,2119,25],"class_list":{"0":"post-255056","1":"post","2":"type-post","3":"status-publish","4":"format-standard","5":"has-post-thumbnail","7":"category-montpellier","8":"tag-actu","9":"tag-actualites","10":"tag-eu","11":"tag-europe","12":"tag-fr","13":"tag-france","14":"tag-herault","15":"tag-languedoc-roussillon","16":"tag-montpellier","17":"tag-news","18":"tag-occitanie","19":"tag-previsions-meteo","20":"tag-republique-francaise"},"share_on_mastodon":{"url":"https:\/\/pubeurope.com\/@fr\/114871200827761449","error":""},"_links":{"self":[{"href":"https:\/\/www.europesays.com\/fr\/wp-json\/wp\/v2\/posts\/255056","targetHints":{"allow":["GET"]}}],"collection":[{"href":"https:\/\/www.europesays.com\/fr\/wp-json\/wp\/v2\/posts"}],"about":[{"href":"https:\/\/www.europesays.com\/fr\/wp-json\/wp\/v2\/types\/post"}],"author":[{"embeddable":true,"href":"https:\/\/www.europesays.com\/fr\/wp-json\/wp\/v2\/users\/2"}],"replies":[{"embeddable":true,"href":"https:\/\/www.europesays.com\/fr\/wp-json\/wp\/v2\/comments?post=255056"}],"version-history":[{"count":0,"href":"https:\/\/www.europesays.com\/fr\/wp-json\/wp\/v2\/posts\/255056\/revisions"}],"wp:featuredmedia":[{"embeddable":true,"href":"https:\/\/www.europesays.com\/fr\/wp-json\/wp\/v2\/media\/255057"}],"wp:attachment":[{"href":"https:\/\/www.europesays.com\/fr\/wp-json\/wp\/v2\/media?parent=255056"}],"wp:term":[{"taxonomy":"category","embeddable":true,"href":"https:\/\/www.europesays.com\/fr\/wp-json\/wp\/v2\/categories?post=255056"},{"taxonomy":"post_tag","embeddable":true,"href":"https:\/\/www.europesays.com\/fr\/wp-json\/wp\/v2\/tags?post=255056"}],"curies":[{"name":"wp","href":"https:\/\/api.w.org\/{rel}","templated":true}]}}