{"id":255060,"date":"2025-07-17T23:39:10","date_gmt":"2025-07-17T23:39:10","guid":{"rendered":"https:\/\/www.europesays.com\/fr\/255060\/"},"modified":"2025-07-17T23:39:10","modified_gmt":"2025-07-17T23:39:10","slug":"voici-a-quoi-ressemble-la-premiere-partie-terminee","status":"publish","type":"post","link":"https:\/\/www.europesays.com\/fr\/255060\/","title":{"rendered":"voici \u00e0 quoi ressemble la premi\u00e8re partie termin\u00e9e"},"content":{"rendered":"<p>            Par<br \/>\n        <strong><br \/>\n            <a href=\"https:\/\/actu.fr\/auteur\/lisa-rodrigues\" title=\"Consulter tous les articles de Lisa Rodrigues\" rel=\"nofollow noopener\" target=\"_blank\">Lisa Rodrigues<\/a><br \/>\n        <\/strong><\/p>\n<p>        Publi\u00e9 le<\/p>\n<p>            17 juil. 2025 \u00e0 16h39        <\/p>\n<p>Les travaux se poursuivent au parc Paul-Mistral \u00e0 <a href=\"https:\/\/actu.fr\/auvergne-rhone-alpes\/grenoble_38185\" rel=\"nofollow noopener\" target=\"_blank\">Grenoble<\/a>. Alors que le chantier de la Tour Perret \u2013 qui f\u00eate ses 100 ans en 2025 \u2013 approche doucement de la fin, les abords imm\u00e9diats de la grande dame en b\u00e9ton arm\u00e9 se refont aussi une beaut\u00e9.<\/p>\n<p class=\" wall-content\">La Ville de Grenoble vient d\u2019inaugurer une premi\u00e8re partie des <strong>nouveaux am\u00e9nagements<\/strong> du parc, notamment l\u2019aire de jeux \u00e0 proximit\u00e9 de l\u2019Anneau de vitesse, dont le chantier de r\u00e9novation a d\u00e9marr\u00e9 au d\u00e9but de l\u2019ann\u00e9e 2025.<\/p>\n<p>Int\u00e9gr\u00e9e au futur parcours de la Tour Perret<\/p>\n<p class=\" wall-content\">Le design de <strong>l\u2019aire de jeux<\/strong> s\u2019inspire de la montagne et de l\u2019hydro\u00e9lectricit\u00e9, en hommage \u00e0 l\u2019Exposition internationale de 1925 de Grenoble. Elle est \u00e9galement \u00ab\u00a0int\u00e9gr\u00e9e au parcours mus\u00e9ographique de la Tour Perret\u00a0\u00bb, indiquent les services de la mairie.\u00a0<\/p>\n<p class=\" wall-content\">Au total, cet am\u00e9nagement a co\u00fbt\u00e9 <strong>1,48 million \u20ac TTC<\/strong> \u00e0 la Ville, dont 691 208\u20ac pour les am\u00e9nagements paysagers et 621 937\u20ac pour la structure de jeux.<\/p>\n<p>    <a href=\"https:\/\/www.google.com\/maps\/embed?pb=!1m18!1m12!1m3!1d2812.085054689679!2d5.734052076135372!3d45.18537447107077!2m3!1f0!2f0!3f0!3m2!1i1024!2i768!4f13.1!3m3!1m2!1s0x478af4f18f9b536d%3A0x27fb9854ae7d0cf2!2sParc%20Paul%20Mistral!5e0!3m2!1sfr!2sfr!4v1752762066713!5m2!1sfr!2sfr\" title=\"Ouvrie le lien\" rel=\"nofollow noopener\" target=\"_blank\">Cliquez ici pour visualiser le contenu<\/a><\/p>\n<p>Vid\u00e9os : en ce moment sur ActuDeux zones de jeux<\/p>\n<p class=\" wall-content\">L\u2019aire de jeux se veut inclusive et est accessible aux enfants porteurs de handicap. Elle a \u00e9t\u00e9 divis\u00e9e en deux zones distinctes :\u00a0<\/p>\n<ul class=\" wall-content\">\n<li>C\u00f4t\u00e9 nord, pour les tout-petits d\u00e8s 2 ans : un toboggan adapt\u00e9, un bac \u00e0 sable, des jeux d\u2019\u00e9quilibre, une balan\u00e7oire nid d\u2019oiseau,<\/li>\n<li>C\u00f4t\u00e9 sud et sur la partie centrale, pour les plus \u00e2g\u00e9s et adolescents : trois toboggans dont deux g\u00e9ants, un espace d\u2019escalade, une tyrolienne, des cordages et un tourniquet en forme de turbine.<\/li>\n<\/ul>\n<p>    <img   decoding=\"async\" loading=\"lazy\" src=\"https:\/\/www.europesays.com\/fr\/wp-content\/uploads\/2025\/07\/aire-de-jeux-grenoble-escalade-960x640.jpg\" alt=\"Un grand espace d'escalade a \u00e9t\u00e9 cr\u00e9\u00e9 au sein de l'aire de jeux pour les plus grands.\" width=\"960\" height=\"640\"\/><br \/>\n    Un grand espace d\u2019escalade a \u00e9t\u00e9 cr\u00e9\u00e9 au sein de l\u2019aire de jeux pour les plus grands. (\u00a9Facebook Ville de Grenoble \/ Jean-S\u00e9bastien Faure)<\/p>\n<p class=\" wall-content\">Des bancs, ainsi qu\u2019une fontaine d\u2019eau potable et un <a href=\"https:\/\/actu.fr\/auvergne-rhone-alpes\/grenoble_38185\/grenoble-bonne-nouvelle-pour-l-ete-la-mairie-relance-ces-lieux-de-fraicheurs-inactifs_62514419.html\" rel=\"nofollow noopener\" target=\"_blank\">syst\u00e8me de brumisation<\/a> ont \u00e9galement \u00e9t\u00e9 install\u00e9s. Un total de \u00ab\u00a027 arbres adapt\u00e9s au changement climatique\u00a0\u00bb a \u00e9t\u00e9 plant\u00e9 \u00e0 proximit\u00e9 et \u00ab\u00a0les anciens jeux en bois ont laiss\u00e9 place \u00e0 un espace paysager ouvert sur le Bassin aux Escargots\u00a0\u00bb, pr\u00e9cise la mairie.<\/p>\n<p>Nouvelles phases de travaux en 2026<\/p>\n<p class=\" wall-content\">Les travaux vont maintenant se poursuivre ailleurs dans le parc Paul-Mistral. <a href=\"https:\/\/actu.fr\/auvergne-rhone-alpes\/grenoble_38185\/grenoble-travaux-de-la-tour-perret-l-ouverture-au-public-repoussee-en-2026_62113489.html\" rel=\"nofollow noopener\" target=\"_blank\">D\u00e9but 2025<\/a>, Gilles Namur adjoint en charge des espaces publics, indiquait \u00e0 actu Grenoble la mise en service de la \u00ab\u00a0place aux enfants\u00a0\u00bb fin 2025 au niveau de la maternelle Colonel-Driant.\u00a0<\/p>\n<p class=\" wall-content\">D\u00e8s 2026, la partie sud-ouest du parc accueillera ses premiers chantiers, avec la refonte des cheminements pi\u00e9tons, du parking de l\u2019Anneau de vitesse et de l\u2019entr\u00e9e du parc au niveau de <a href=\"https:\/\/actu.fr\/auvergne-rhone-alpes\/grenoble_38185\/grenoble-ce-lieu-emblematique-ferme-definitivement-ca-fait-peur-pour-l-avenir_62769559.html\" rel=\"nofollow noopener\" target=\"_blank\">La Bobine<\/a> r\u00e9cemment ferm\u00e9e.<\/p>\n<p class=\" wall-content\">\u00ab On veut r\u00e9duire les surfaces min\u00e9rales du parc de 46% \u00e0 31% \u00bb, r\u00e9sumait Gilles Namur. De quoi esp\u00e9rer \u00ab <strong>deux hectares de v\u00e9g\u00e9talisation suppl\u00e9mentaires<\/strong> \u00bb dans le parc Paul-Mistral. D\u2019autres projets sont \u00e0 l\u2019\u00e9tude sur les 10 prochaines ann\u00e9es, notamment c\u00f4t\u00e9 berges de l\u2019Is\u00e8re.<\/p>\n<p class=\" wall-content\">Suivez toute l\u2019actualit\u00e9 de vos villes et m\u00e9dias favoris en vous inscrivant \u00e0 <a href=\"https:\/\/moncompte.actu.fr\" title=\"D\u00e9couvez Mon Actu\" rel=\"nofollow noopener\" data-trk=\"{&quot;cta&quot;:{&quot;action&quot;:&quot;https:\\\/\\\/moncompte.actu.fr&quot;,&quot;category&quot;:&quot;mon compte&quot;,&quot;from&quot;:&quot;article footer&quot;,&quot;name&quot;:&quot;Mon actu&quot;,&quot;type&quot;:&quot;cta&quot;}}\" target=\"_blank\">Mon Actu<\/a>.<\/p>\n","protected":false},"excerpt":{"rendered":"Par Lisa Rodrigues Publi\u00e9 le 17 juil. 2025 \u00e0 16h39 Les travaux se poursuivent au parc Paul-Mistral \u00e0&hellip;\n","protected":false},"author":2,"featured_media":255061,"comment_status":"","ping_status":"","sticky":false,"template":"","format":"standard","meta":{"footnotes":""},"categories":[9566],"tags":[1111,11,2430,1777,674,1011,27,2731,12,25,104,2086],"class_list":{"0":"post-255060","1":"post","2":"type-post","3":"status-publish","4":"format-standard","5":"has-post-thumbnail","7":"category-grenoble","8":"tag-actu","9":"tag-actualites","10":"tag-auvergne-rhone-alpes","11":"tag-eu","12":"tag-europe","13":"tag-fr","14":"tag-france","15":"tag-grenoble","16":"tag-news","17":"tag-republique-francaise","18":"tag-societe","19":"tag-travaux"},"share_on_mastodon":{"url":"https:\/\/pubeurope.com\/@fr\/114871216635291304","error":""},"_links":{"self":[{"href":"https:\/\/www.europesays.com\/fr\/wp-json\/wp\/v2\/posts\/255060","targetHints":{"allow":["GET"]}}],"collection":[{"href":"https:\/\/www.europesays.com\/fr\/wp-json\/wp\/v2\/posts"}],"about":[{"href":"https:\/\/www.europesays.com\/fr\/wp-json\/wp\/v2\/types\/post"}],"author":[{"embeddable":true,"href":"https:\/\/www.europesays.com\/fr\/wp-json\/wp\/v2\/users\/2"}],"replies":[{"embeddable":true,"href":"https:\/\/www.europesays.com\/fr\/wp-json\/wp\/v2\/comments?post=255060"}],"version-history":[{"count":0,"href":"https:\/\/www.europesays.com\/fr\/wp-json\/wp\/v2\/posts\/255060\/revisions"}],"wp:featuredmedia":[{"embeddable":true,"href":"https:\/\/www.europesays.com\/fr\/wp-json\/wp\/v2\/media\/255061"}],"wp:attachment":[{"href":"https:\/\/www.europesays.com\/fr\/wp-json\/wp\/v2\/media?parent=255060"}],"wp:term":[{"taxonomy":"category","embeddable":true,"href":"https:\/\/www.europesays.com\/fr\/wp-json\/wp\/v2\/categories?post=255060"},{"taxonomy":"post_tag","embeddable":true,"href":"https:\/\/www.europesays.com\/fr\/wp-json\/wp\/v2\/tags?post=255060"}],"curies":[{"name":"wp","href":"https:\/\/api.w.org\/{rel}","templated":true}]}}