{"id":255064,"date":"2025-07-17T23:44:44","date_gmt":"2025-07-17T23:44:44","guid":{"rendered":"https:\/\/www.europesays.com\/fr\/255064\/"},"modified":"2025-07-17T23:44:44","modified_gmt":"2025-07-17T23:44:44","slug":"bretagne-apres-son-20-20-au-brevet-il-envisage-de-travailler-a-la-nasa","status":"publish","type":"post","link":"https:\/\/www.europesays.com\/fr\/255064\/","title":{"rendered":"Bretagne : apr\u00e8s son 20\/20 au brevet, il envisage de travailler \u00e0 la NASA"},"content":{"rendered":"<p>Timoth\u00e9 Munier a d\u00e9pass\u00e9 toutes les attentes. Avec un an d\u2019avance, ce coll\u00e9gien breton a obtenu une note sup\u00e9rieure \u00e0 20\/20 au <a href=\"https:\/\/www.letelegramme.fr\/education\/examens\/brevet-des-colleges\/brevet-2025-les-resultats-de-lacademie-de-rennes-sont-en-ligne-6852657.php\" target=\"_blank\" rel=\"noopener\">brevet<\/a>, gr\u00e2ce aux vingt points bonus li\u00e9s \u00e0 sa participation \u00e0 la classe europ\u00e9enne en anglais. En plus d\u2019un parcours sans faute en contr\u00f4le continu, le jeune gar\u00e7on de 14 ans, scolaris\u00e9 au coll\u00e8ge Immacul\u00e9e de Saint-Gr\u00e9goire (35), pr\u00e8s de <a href=\"https:\/\/www.letelegramme.fr\/ille-et-vilaine\/rennes-35000\/\" target=\"_blank\" rel=\"noopener\">Rennes<\/a>, a d\u00e9croch\u00e9 la note maximale en sciences, en histoire et \u00e0 l\u2019oral.<\/p>\n<p>\u00ab Tr\u00e8s heureux \u00bb mais \u00ab surpris \u00bb d\u2019avoir obtenu un tel r\u00e9sultat, il a d\u2019ailleurs pass\u00e9 son oral, int\u00e9gralement en anglais, sur la robotique, l\u2019a\u00e9rospatial, et l\u2019a\u00e9ronautique. Trois domaines qui l\u2019animent au quotidien et dans lesquels il aimerait poursuivre en \u00e9tudes sup\u00e9rieures pour devenir pilote de ligne voire ing\u00e9nieur a\u00e9rospatial &#8211; \u00ab pourquoi pas \u00e0 la NASA \u00bb, l\u2019administration nationale de l\u2019a\u00e9ronautique et de l\u2019espace des \u00c9tats-Unis, s\u2019imagine-t-il.<\/p>\n<p>Le livre de Thomas Pesquet dans sa biblioth\u00e8que<\/p>\n<p>Des r\u00eaves plein la t\u00eate, les pieds sur terre, il a eu l\u2019occasion de graviter au plus proche de son univers lors d\u2019un s\u00e9jour au Texas, l\u2019an dernier, lors duquel il a rencontr\u00e9 un ing\u00e9nieur du centre spatial de la NASA \u00e0 Houston \u00e0 l\u2019occasion du concours de la First Lego League &#8211; o\u00f9 il a termin\u00e9 vice-champion du monde, avec quatre autres de ses camarades.<\/p>\n<p>Tennis, v\u00e9lo, catamaran, piano, \u00ab sans oublier les jeux vid\u00e9o en ligne avec les copains \u00bb, tient-il \u00e0 pr\u00e9ciser, le jeune Timoth\u00e9 Munier m\u00e8ne une vie bien remplie. Et m\u00eame ses lectures nourrissent ses ambitions : sit\u00f4t sa sortie en octobre 2023, il a d\u00e9vor\u00e9 le livre de Thomas Pesquet, \u00ab Ma vie sans gravit\u00e9 \u00bb (Flammarion), o\u00f9 il dit avoir eu \u00ab l\u2019impression de vivre l\u2019exp\u00e9rience \u00bb \u00e0 c\u00f4t\u00e9 de l\u2019astronaute, tout en d\u00e9couvrant ses \u00ab sensations \u00bb, avant son d\u00e9collage pour la station spatiale internationale. \u00ab Et j\u2019ai pu me servir de cette lecture pour<a href=\"https:\/\/www.letelegramme.fr\/education\/examens\/brevet-des-colleges\/brevet-2025-decouvrez-les-sujets-et-les-corriges-de-lepreuve-de-francais-6843622.php\" target=\"_blank\" rel=\"noopener\"> son sujet de Fran\u00e7ais<\/a> \u00bb, glisse-t-il malicieusement.<\/p>\n","protected":false},"excerpt":{"rendered":"Timoth\u00e9 Munier a d\u00e9pass\u00e9 toutes les attentes. Avec un an d\u2019avance, ce coll\u00e9gien breton a obtenu une note&hellip;\n","protected":false},"author":2,"featured_media":255065,"comment_status":"","ping_status":"","sticky":false,"template":"","format":"standard","meta":{"footnotes":""},"categories":[2821],"tags":[1111,11,829,1057,765,1777,674,1011,27,848,11326,12,584,25],"class_list":{"0":"post-255064","1":"post","2":"type-post","3":"status-publish","4":"format-standard","5":"has-post-thumbnail","7":"category-rennes","8":"tag-actu","9":"tag-actualites","10":"tag-bretagne","11":"tag-education","12":"tag-en-continu","13":"tag-eu","14":"tag-europe","15":"tag-fr","16":"tag-france","17":"tag-ille-et-vilaine","18":"tag-la-belle-histoire","19":"tag-news","20":"tag-rennes","21":"tag-republique-francaise"},"share_on_mastodon":{"url":"https:\/\/pubeurope.com\/@fr\/114871236255275605","error":""},"_links":{"self":[{"href":"https:\/\/www.europesays.com\/fr\/wp-json\/wp\/v2\/posts\/255064","targetHints":{"allow":["GET"]}}],"collection":[{"href":"https:\/\/www.europesays.com\/fr\/wp-json\/wp\/v2\/posts"}],"about":[{"href":"https:\/\/www.europesays.com\/fr\/wp-json\/wp\/v2\/types\/post"}],"author":[{"embeddable":true,"href":"https:\/\/www.europesays.com\/fr\/wp-json\/wp\/v2\/users\/2"}],"replies":[{"embeddable":true,"href":"https:\/\/www.europesays.com\/fr\/wp-json\/wp\/v2\/comments?post=255064"}],"version-history":[{"count":0,"href":"https:\/\/www.europesays.com\/fr\/wp-json\/wp\/v2\/posts\/255064\/revisions"}],"wp:featuredmedia":[{"embeddable":true,"href":"https:\/\/www.europesays.com\/fr\/wp-json\/wp\/v2\/media\/255065"}],"wp:attachment":[{"href":"https:\/\/www.europesays.com\/fr\/wp-json\/wp\/v2\/media?parent=255064"}],"wp:term":[{"taxonomy":"category","embeddable":true,"href":"https:\/\/www.europesays.com\/fr\/wp-json\/wp\/v2\/categories?post=255064"},{"taxonomy":"post_tag","embeddable":true,"href":"https:\/\/www.europesays.com\/fr\/wp-json\/wp\/v2\/tags?post=255064"}],"curies":[{"name":"wp","href":"https:\/\/api.w.org\/{rel}","templated":true}]}}