{"id":255067,"date":"2025-07-17T23:46:10","date_gmt":"2025-07-17T23:46:10","guid":{"rendered":"https:\/\/www.europesays.com\/fr\/255067\/"},"modified":"2025-07-17T23:46:10","modified_gmt":"2025-07-17T23:46:10","slug":"previsions-du-vendredi-18-juillet-2025-2","status":"publish","type":"post","link":"https:\/\/www.europesays.com\/fr\/255067\/","title":{"rendered":"pr\u00e9visions du vendredi 18 juillet 2025"},"content":{"rendered":"<p>Strasbourg aura la chance de pouvoir profiter d&rsquo;une superbe journ\u00e9e ensoleill\u00e9e. Il va faire 23\u00b0C en moyenne. Le matin, le mercure affichera 24\u00b0C en moyenne. Une brise de sud-est soufflera doucement. La m\u00e9t\u00e9o va se r\u00e9chauffer l&rsquo;apr\u00e8s-midi avec une augmentation de plusieurs degr\u00e9s. Les temp\u00e9ratures \u00e9volueront entre 29 et 30\u2009\u00b0C. Les valeurs seront comprises entre 29 et 30\u00b0C. Il fera environ 25\u00b0C, le soir. Durant la nuit de vendredi \u00e0 samedi, le ciel sera clair.<\/p>\n<p>Demain, c&rsquo;est une hausse de quelques degr\u00e9s que vont conna\u00eetre les temp\u00e9ratures dans la ville de Strasbourg. La p\u00e9riode de fortes chaleurs est bien l\u00e0, avec des temp\u00e9ratures qui risqueront de monter \u00e0 34\u00b0C. Les valeurs s&rsquo;\u00e9chelonneront entre 17 et 34\u00b0C. Un vent de sud rafra\u00eechira l\u00e9g\u00e8rement l&rsquo;atmosph\u00e8re. La matin\u00e9e qui s&rsquo;annonce, promet d&rsquo;\u00eatre belle et ensoleill\u00e9e ! La ville va conna\u00eetre une vague de grosses chaleurs avec des temp\u00e9ratures qui atteindront parfois les 30\u00b0C. Le ciel va progressivement s&rsquo;obscurcir au cours de l&rsquo;apr\u00e8s-midi avec l&rsquo;apparition de nuages. Il faudra pr\u00e9voir son parapluie pour s&rsquo;abriter des pluies \u00e9parses. D&rsquo;un autre c\u00f4t\u00e9, les temp\u00e9ratures vont enregistrer une augmentation de plusieurs degr\u00e9s. Prenez garde \u00e0 la vague de chaud. Des valeurs de 22 \u00e0 34\u00b0C sont annonc\u00e9es. Encore de la grisaille demain soir. Les nuages vont stationner. Des pluies \u00e9parses tomberont.<\/p>\n<p>La m\u00e9t\u00e9o des journ\u00e9es suivantes va \u00e9voluer peu \u00e0 peu. Le temps se maintiendra dimanche mais une d\u00e9gradation s&rsquo;ensuivra lundi.<\/p>\n<p><\/p>\n","protected":false},"excerpt":{"rendered":"Strasbourg aura la chance de pouvoir profiter d&rsquo;une superbe journ\u00e9e ensoleill\u00e9e. Il va faire 23\u00b0C en moyenne. Le&hellip;\n","protected":false},"author":2,"featured_media":255068,"comment_status":"","ping_status":"","sticky":false,"template":"","format":"standard","meta":{"footnotes":""},"categories":[2820],"tags":[1111,11,2389,2649,1777,674,1011,27,775,12,2119,25,640],"class_list":{"0":"post-255067","1":"post","2":"type-post","3":"status-publish","4":"format-standard","5":"has-post-thumbnail","7":"category-strasbourg","8":"tag-actu","9":"tag-actualites","10":"tag-alsace","11":"tag-bas-rhin","12":"tag-eu","13":"tag-europe","14":"tag-fr","15":"tag-france","16":"tag-grand-est","17":"tag-news","18":"tag-previsions-meteo","19":"tag-republique-francaise","20":"tag-strasbourg"},"share_on_mastodon":{"url":"https:\/\/pubeurope.com\/@fr\/114871244084698223","error":""},"_links":{"self":[{"href":"https:\/\/www.europesays.com\/fr\/wp-json\/wp\/v2\/posts\/255067","targetHints":{"allow":["GET"]}}],"collection":[{"href":"https:\/\/www.europesays.com\/fr\/wp-json\/wp\/v2\/posts"}],"about":[{"href":"https:\/\/www.europesays.com\/fr\/wp-json\/wp\/v2\/types\/post"}],"author":[{"embeddable":true,"href":"https:\/\/www.europesays.com\/fr\/wp-json\/wp\/v2\/users\/2"}],"replies":[{"embeddable":true,"href":"https:\/\/www.europesays.com\/fr\/wp-json\/wp\/v2\/comments?post=255067"}],"version-history":[{"count":0,"href":"https:\/\/www.europesays.com\/fr\/wp-json\/wp\/v2\/posts\/255067\/revisions"}],"wp:featuredmedia":[{"embeddable":true,"href":"https:\/\/www.europesays.com\/fr\/wp-json\/wp\/v2\/media\/255068"}],"wp:attachment":[{"href":"https:\/\/www.europesays.com\/fr\/wp-json\/wp\/v2\/media?parent=255067"}],"wp:term":[{"taxonomy":"category","embeddable":true,"href":"https:\/\/www.europesays.com\/fr\/wp-json\/wp\/v2\/categories?post=255067"},{"taxonomy":"post_tag","embeddable":true,"href":"https:\/\/www.europesays.com\/fr\/wp-json\/wp\/v2\/tags?post=255067"}],"curies":[{"name":"wp","href":"https:\/\/api.w.org\/{rel}","templated":true}]}}