{"id":255071,"date":"2025-07-17T23:48:11","date_gmt":"2025-07-17T23:48:11","guid":{"rendered":"https:\/\/www.europesays.com\/fr\/255071\/"},"modified":"2025-07-17T23:48:11","modified_gmt":"2025-07-17T23:48:11","slug":"previsions-du-vendredi-18-juillet-2025-3","status":"publish","type":"post","link":"https:\/\/www.europesays.com\/fr\/255071\/","title":{"rendered":"pr\u00e9visions du vendredi 18 juillet 2025"},"content":{"rendered":"<p>Nice va \u00eatre inond\u00e9e de soleil au cours de cette journ\u00e9e. On pr\u00e9voit des temp\u00e9ratures avoisinant 26\u00b0C. Une petite brise de sud-est sera ressentie par les habitants. Il va faire environ 26\u00b0C, le matin. L&rsquo;apr\u00e8s-midi, le mercure affichera 27\u00b0C en moyenne. Les maximales pourront atteindre 26\u00b0C dans la soir\u00e9e et les minimales seront de 24\u00b0C : c&rsquo;est donc un superbe \u00e9t\u00e9. C&rsquo;est un ciel d\u00e9pourvu de nuages que conna\u00eetra la nuit de vendredi \u00e0 samedi.<\/p>\n<p>Demain, les temp\u00e9ratures vont descendre de quelques degr\u00e9s \u00e0 Nice. Ce sera un bel \u00e9t\u00e9 : les valeurs s&rsquo;\u00e9chelonneront entre 22 et 28\u00b0C. On pr\u00e9voit une embellie pour cette matin\u00e9e. Les temp\u00e9ratures seront comprises entre 24\u00b0C et 26\u00b0C, donnant \u00e0 la population l&rsquo;occasion de profiter de la belle saison. Un vent d&rsquo;est rafra\u00eechira un peu l&rsquo;atmosph\u00e8re. Demain apr\u00e8s-midi, un important soleil brillera. Il va faire chaud avec des valeurs qui afficheront entre 26 et 28\u00b0C. La chaleur estivale sera bien l\u00e0 puisque les temp\u00e9ratures seront quand m\u00eame de 24\u00b0C au minimum et de 26\u00b0C au plus haut la soir\u00e9e. Un l\u00e9ger vent de nord-est soufflera.<\/p>\n<p>Les jours qui suivent s&rsquo;annoncent identiques. On s&rsquo;attend \u00e0 des journ\u00e9es ensoleill\u00e9es, accompagn\u00e9es par des temp\u00e9ratures dans les 31\u00b0C en moyenne.<\/p>\n<p><\/p>\n","protected":false},"excerpt":{"rendered":"Nice va \u00eatre inond\u00e9e de soleil au cours de cette journ\u00e9e. On pr\u00e9voit des temp\u00e9ratures avoisinant 26\u00b0C. Une&hellip;\n","protected":false},"author":2,"featured_media":255072,"comment_status":"","ping_status":"","sticky":false,"template":"","format":"standard","meta":{"footnotes":""},"categories":[2819],"tags":[1111,11,1777,674,1011,27,12,2401,2119,882,25],"class_list":{"0":"post-255071","1":"post","2":"type-post","3":"status-publish","4":"format-standard","5":"has-post-thumbnail","7":"category-nice","8":"tag-actu","9":"tag-actualites","10":"tag-eu","11":"tag-europe","12":"tag-fr","13":"tag-france","14":"tag-news","15":"tag-nice","16":"tag-previsions-meteo","17":"tag-provence-alpes-cote-dazur","18":"tag-republique-francaise"},"share_on_mastodon":{"url":"https:\/\/pubeurope.com\/@fr\/114871251947532906","error":""},"_links":{"self":[{"href":"https:\/\/www.europesays.com\/fr\/wp-json\/wp\/v2\/posts\/255071","targetHints":{"allow":["GET"]}}],"collection":[{"href":"https:\/\/www.europesays.com\/fr\/wp-json\/wp\/v2\/posts"}],"about":[{"href":"https:\/\/www.europesays.com\/fr\/wp-json\/wp\/v2\/types\/post"}],"author":[{"embeddable":true,"href":"https:\/\/www.europesays.com\/fr\/wp-json\/wp\/v2\/users\/2"}],"replies":[{"embeddable":true,"href":"https:\/\/www.europesays.com\/fr\/wp-json\/wp\/v2\/comments?post=255071"}],"version-history":[{"count":0,"href":"https:\/\/www.europesays.com\/fr\/wp-json\/wp\/v2\/posts\/255071\/revisions"}],"wp:featuredmedia":[{"embeddable":true,"href":"https:\/\/www.europesays.com\/fr\/wp-json\/wp\/v2\/media\/255072"}],"wp:attachment":[{"href":"https:\/\/www.europesays.com\/fr\/wp-json\/wp\/v2\/media?parent=255071"}],"wp:term":[{"taxonomy":"category","embeddable":true,"href":"https:\/\/www.europesays.com\/fr\/wp-json\/wp\/v2\/categories?post=255071"},{"taxonomy":"post_tag","embeddable":true,"href":"https:\/\/www.europesays.com\/fr\/wp-json\/wp\/v2\/tags?post=255071"}],"curies":[{"name":"wp","href":"https:\/\/api.w.org\/{rel}","templated":true}]}}