{"id":255073,"date":"2025-07-17T23:49:10","date_gmt":"2025-07-17T23:49:10","guid":{"rendered":"https:\/\/www.europesays.com\/fr\/255073\/"},"modified":"2025-07-17T23:49:10","modified_gmt":"2025-07-17T23:49:10","slug":"nice-va-pouvoir-garder-sa-statue-de-jeanne-darc","status":"publish","type":"post","link":"https:\/\/www.europesays.com\/fr\/255073\/","title":{"rendered":"Nice va pouvoir garder sa statue de Jeanne d\u2019Arc"},"content":{"rendered":"<p class=\"paragraph text_align_left lp-f-body-02\">La statue de Jeanne d\u2019Arc va finalement rester en place \u00e0 l\u2019entr\u00e9e du parking ni\u00e7ois et du jardin public qui portent le nom de l\u2019h\u00e9ro\u00efne. La cour administrative d\u2019appel de Marseille a annul\u00e9 jeudi la d\u00e9cision du tribunal administratif de Nice qui, saisi par <a href=\"https:\/\/www.leparisien.fr\/societe\/un-manquement-a-plus-de-170-000-euros-nice-obligee-de-demonter-une-statue-de-jeanne-darc-apres-un-recours-du-prefet-15-01-2025-VNXFZBEYYJGJNMJBFXMDU6QUR4.php\" target=\"_blank\" rel=\"noreferrer noopener\">le pr\u00e9fet des Alpes-Maritimes, avait annul\u00e9 le march\u00e9 public lanc\u00e9 par la R\u00e9gie Parcs d\u2019Azur<\/a>. L\u2019\u00e9tablissement public qui g\u00e8re les parkings de la m\u00e9tropole Nice C\u00f4te d\u2019Azur, \u00e9tait accus\u00e9 de d\u00e9faut de mise en concurrence.<\/p>\n<p class=\"paragraph text_align_left lp-f-body-02\">Si la juridiction confirme que ce march\u00e9 devait bien faire l\u2019objet d\u2019une mise en concurrence, la statue monumentale en bronze dor\u00e9 command\u00e9e \u00e0 l\u2019Atelier Missor ayant co\u00fbt\u00e9 170 000 euros de gr\u00e9 \u00e0 gr\u00e9, la cour a jug\u00e9 que cette irr\u00e9gularit\u00e9, proc\u00e9dant d\u2019une \u00ab simple erreur dans l\u2019application d\u2019une nouvelle r\u00e9glementation \u00bb, n\u2019a pas \u00e9t\u00e9 commise intentionnellement dans le but de favoriser l\u2019Atelier Missor, un collectif d\u2019artiste ni\u00e7ois. L\u2019annulation du contrat a donc \u00e9t\u00e9&#8230; annul\u00e9e !<\/p>\n<p>Une enqu\u00eate pour favoritisme ouverte en janvier<\/p>\n<p class=\"paragraph text_align_left lp-f-body-02\">Une enqu\u00eate pour favoritisme ouverte en janvier 2025 avait \u00e9galement d\u00e9bouch\u00e9 sur une perquisition au si\u00e8ge de la r\u00e9gie Parcs d\u2019Azur.<\/p>\n<p class=\"paragraph text_align_left lp-f-body-02\">\u00ab Je salue avec satisfaction cette d\u00e9cision de justice, qui reconna\u00eet la l\u00e9gitimit\u00e9 et la r\u00e9gularit\u00e9 d\u2019un projet port\u00e9 avec conviction. La statue de Jeanne d\u2019Arc, install\u00e9e face \u00e0 l\u2019\u00e9glise qui lui est d\u00e9di\u00e9e, incarne les valeurs de courage, de foi et d\u2019unit\u00e9 qui nous rassemblent \u00bb, <a href=\"https:\/\/www.leparisien.fr\/alpes-maritimes-06\/les-deboulonneurs-peuvent-passer-leur-chemin-estrosi-veut-sauver-la-statue-de-jeanne-darc-a-nice-17-01-2025-LFXV6T3ALBEI3OWFPJOALMZ4IY.php\" target=\"_blank\" rel=\"noreferrer noopener\">s\u2019est r\u00e9joui Christian Estrosi apr\u00e8s cette d\u00e9cision<\/a>. Le maire de Nice et pr\u00e9sident de la M\u00e9tropole a remerci\u00e9 les m\u00e9c\u00e8nes qui ont particip\u00e9 au financement de la statue. \u00ab Cette mobilisation collective d\u00e9montre combien notre patrimoine et notre m\u00e9moire partag\u00e9e suscitent encore, aujourd\u2019hui, un profond attachement. \u00bb<\/p>\n<p class=\"paragraph text_align_left lp-f-body-02\">Cette d\u00e9cision pourrait toutefois faire l\u2019objet d\u2019un pourvoi en cassation devant le conseil d\u2019Etat.<\/p>\n","protected":false},"excerpt":{"rendered":"La statue de Jeanne d\u2019Arc va finalement rester en place \u00e0 l\u2019entr\u00e9e du parking ni\u00e7ois et du jardin&hellip;\n","protected":false},"author":2,"featured_media":255074,"comment_status":"","ping_status":"","sticky":false,"template":"","format":"standard","meta":{"footnotes":""},"categories":[2819],"tags":[1111,917,11,6657,459,1777,674,1011,27,12,2401,882,25,104],"class_list":{"0":"post-255073","1":"post","2":"type-post","3":"status-publish","4":"format-standard","5":"has-post-thumbnail","7":"category-nice","8":"tag-actu","9":"tag-actu-locale","10":"tag-actualites","11":"tag-alpes-maritimes-06","12":"tag-departements-horsidfo","13":"tag-eu","14":"tag-europe","15":"tag-fr","16":"tag-france","17":"tag-news","18":"tag-nice","19":"tag-provence-alpes-cote-dazur","20":"tag-republique-francaise","21":"tag-societe"},"share_on_mastodon":{"url":"https:\/\/pubeurope.com\/@fr\/114871255889359825","error":""},"_links":{"self":[{"href":"https:\/\/www.europesays.com\/fr\/wp-json\/wp\/v2\/posts\/255073","targetHints":{"allow":["GET"]}}],"collection":[{"href":"https:\/\/www.europesays.com\/fr\/wp-json\/wp\/v2\/posts"}],"about":[{"href":"https:\/\/www.europesays.com\/fr\/wp-json\/wp\/v2\/types\/post"}],"author":[{"embeddable":true,"href":"https:\/\/www.europesays.com\/fr\/wp-json\/wp\/v2\/users\/2"}],"replies":[{"embeddable":true,"href":"https:\/\/www.europesays.com\/fr\/wp-json\/wp\/v2\/comments?post=255073"}],"version-history":[{"count":0,"href":"https:\/\/www.europesays.com\/fr\/wp-json\/wp\/v2\/posts\/255073\/revisions"}],"wp:featuredmedia":[{"embeddable":true,"href":"https:\/\/www.europesays.com\/fr\/wp-json\/wp\/v2\/media\/255074"}],"wp:attachment":[{"href":"https:\/\/www.europesays.com\/fr\/wp-json\/wp\/v2\/media?parent=255073"}],"wp:term":[{"taxonomy":"category","embeddable":true,"href":"https:\/\/www.europesays.com\/fr\/wp-json\/wp\/v2\/categories?post=255073"},{"taxonomy":"post_tag","embeddable":true,"href":"https:\/\/www.europesays.com\/fr\/wp-json\/wp\/v2\/tags?post=255073"}],"curies":[{"name":"wp","href":"https:\/\/api.w.org\/{rel}","templated":true}]}}