{"id":255075,"date":"2025-07-17T23:50:09","date_gmt":"2025-07-17T23:50:09","guid":{"rendered":"https:\/\/www.europesays.com\/fr\/255075\/"},"modified":"2025-07-17T23:50:09","modified_gmt":"2025-07-17T23:50:09","slug":"previsions-du-vendredi-18-juillet-2025-4","status":"publish","type":"post","link":"https:\/\/www.europesays.com\/fr\/255075\/","title":{"rendered":"pr\u00e9visions du vendredi 18 juillet 2025"},"content":{"rendered":"<p>\u00c0 Nantes, le temps va peu \u00e0 peu s&rsquo;am\u00e9liorer dans la journ\u00e9e et laisser place \u00e0 des \u00e9claircies. Les temp\u00e9ratures afficheront entre 15\u00b0C et 31\u00b0C. Un vent de nord-ouest soufflera un peu, avec 15 km\/h dans la matin\u00e9e. L&rsquo;apr\u00e8s-midi, c&rsquo;est une hausse de plusieurs degr\u00e9s que vont conna\u00eetre les temp\u00e9ratures. Les valeurs maximums attendues sont \u00e9lev\u00e9es, avec 31\u00b0C. Les maximales iront jusqu&rsquo;\u00e0 31\u00b0C et les minimales seront de 26\u00b0C. Le soir, on verra l&rsquo;apparition de nuages. On anticipe des temp\u00e9ratures d&rsquo;environ 22\u00b0C. C&rsquo;est un ciel clair que conna\u00eetra la nuit de vendredi \u00e0 samedi.<\/p>\n<p>Demain, le soleil va progressivement se substituer aux nuages \u00e0 Nantes. Une baisse des temp\u00e9ratures est \u00e0 pr\u00e9voir. Les valeurs seront comprises entre 15 et 26\u00b0C. Un vent de sud-ouest rafra\u00eechira l\u00e9g\u00e8rement l&rsquo;atmosph\u00e8re. Les temp\u00e9ratures seront de 22\u00b0C dans la matin\u00e9e. Demain apr\u00e8s-midi, les valeurs s&rsquo;\u00e9chelonneront entre 20 et 26\u00b0C. Pour demain soir, de la bruine va tomber sur la ville.<\/p>\n<p>La m\u00e9t\u00e9o des journ\u00e9es qui suivent va se d\u00e9grader. Il fera 22\u00b0C en moyenne pour des journ\u00e9es avec une m\u00e9t\u00e9o pluvieuse.<\/p>\n<p><\/p>\n","protected":false},"excerpt":{"rendered":"\u00c0 Nantes, le temps va peu \u00e0 peu s&rsquo;am\u00e9liorer dans la journ\u00e9e et laisser place \u00e0 des \u00e9claircies.&hellip;\n","protected":false},"author":2,"featured_media":255076,"comment_status":"","ping_status":"","sticky":false,"template":"","format":"standard","meta":{"footnotes":""},"categories":[2818],"tags":[1111,11,1777,674,1011,27,3047,766,12,2636,2119,25],"class_list":{"0":"post-255075","1":"post","2":"type-post","3":"status-publish","4":"format-standard","5":"has-post-thumbnail","7":"category-nantes","8":"tag-actu","9":"tag-actualites","10":"tag-eu","11":"tag-europe","12":"tag-fr","13":"tag-france","14":"tag-loire-atlantique","15":"tag-nantes","16":"tag-news","17":"tag-pays-de-la-loire","18":"tag-previsions-meteo","19":"tag-republique-francaise"},"share_on_mastodon":{"url":"https:\/\/pubeurope.com\/@fr\/114871259904608904","error":""},"_links":{"self":[{"href":"https:\/\/www.europesays.com\/fr\/wp-json\/wp\/v2\/posts\/255075","targetHints":{"allow":["GET"]}}],"collection":[{"href":"https:\/\/www.europesays.com\/fr\/wp-json\/wp\/v2\/posts"}],"about":[{"href":"https:\/\/www.europesays.com\/fr\/wp-json\/wp\/v2\/types\/post"}],"author":[{"embeddable":true,"href":"https:\/\/www.europesays.com\/fr\/wp-json\/wp\/v2\/users\/2"}],"replies":[{"embeddable":true,"href":"https:\/\/www.europesays.com\/fr\/wp-json\/wp\/v2\/comments?post=255075"}],"version-history":[{"count":0,"href":"https:\/\/www.europesays.com\/fr\/wp-json\/wp\/v2\/posts\/255075\/revisions"}],"wp:featuredmedia":[{"embeddable":true,"href":"https:\/\/www.europesays.com\/fr\/wp-json\/wp\/v2\/media\/255076"}],"wp:attachment":[{"href":"https:\/\/www.europesays.com\/fr\/wp-json\/wp\/v2\/media?parent=255075"}],"wp:term":[{"taxonomy":"category","embeddable":true,"href":"https:\/\/www.europesays.com\/fr\/wp-json\/wp\/v2\/categories?post=255075"},{"taxonomy":"post_tag","embeddable":true,"href":"https:\/\/www.europesays.com\/fr\/wp-json\/wp\/v2\/tags?post=255075"}],"curies":[{"name":"wp","href":"https:\/\/api.w.org\/{rel}","templated":true}]}}