{"id":255081,"date":"2025-07-17T23:53:13","date_gmt":"2025-07-17T23:53:13","guid":{"rendered":"https:\/\/www.europesays.com\/fr\/255081\/"},"modified":"2025-07-17T23:53:13","modified_gmt":"2025-07-17T23:53:13","slug":"girondins-nadjib-cisse-va-sengager-avec-les-girondins","status":"publish","type":"post","link":"https:\/\/www.europesays.com\/fr\/255081\/","title":{"rendered":"Girondins : Nadjib Ciss\u00e9 va s&rsquo;engager avec les Girondins"},"content":{"rendered":"<p><img decoding=\"async\" src=\"https:\/\/www.europesays.com\/fr\/wp-content\/uploads\/2025\/07\/671_38aaedc1b00114ecd452a8c87918caab.jpg\" alt=\"Girondins : Nadjib Ciss\u00e9 va s'engager avec les Girondins\" class=\"img-responsive mt-3\"\/><\/p>\n<p class=\"text-center mb-3\" style=\"font-size: 14px\">\u00a9 Iconsport<\/p>\n<p>      <strong>Un d\u00e9fenseur central suppl\u00e9mentaire<\/strong><\/p>\n<p style=\"text-align: justify;\">Les Marine et Blanc se renforcent en d\u00e9fense centrale. Ainsi, Nadjib Ciss\u00e9 va s&rsquo;engager avec les Marine et Blanc en provenance de QRM (National 1).<\/p>\n<p style=\"text-align: justify;\">Le joueur a disput\u00e9 la saison derni\u00e8re 23 matchs de National 1 pour 6 cartons jaunes et un carton rouge. Lors de la saison 2023-2024, il a jou\u00e9 20 matchs de Ligue 2 pour 5 cartons jaunes et un carton rouge.<\/p>\n<p style=\"text-align: justify;\">Il a bien connu Bruno Irl\u00e8s lorsque ce dernier \u00e9tait l&rsquo;entraineur de QRM (2020-2022). C&rsquo;est m\u00eame lui qui l&rsquo;a fait d\u00e9buter en \u00e9quipe premi\u00e8re en 2021.<\/p>\n<p style=\"text-align: justify;\">Auparavant, il est pass\u00e9 par la r\u00e9serve du Stade de Reims. Il arrive libre depuis la fin de son contrat avec QRM cet \u00e9t\u00e9.<\/p>\n<p style=\"text-align: justify;\">Par ailleurs, le club a annonc\u00e9 ce jeudi les recrutements du milieu de terrain <a href=\"https:\/\/www.webgirondins.com\/actualite-mercato-girondins-adama-diop-officiellement-bordelais-129767\" target=\"_blank\" rel=\"noopener\">Adama Diop<\/a> (22 ans, 1,81m), et du gardien de but b\u00e9ninois <a href=\"https:\/\/www.webgirondins.com\/actualite-mercato-girondins-david-agossa-officiellement-bordelais-129769\" target=\"_blank\" rel=\"noopener\">David Agossa<\/a> (22 ans, 1,87m).\u00a0<\/p>\n<p>\u00c0 lire aussi &gt;&gt; <strong><a href=\"https:\/\/www.webgirondins.com\/actualite-mercato-girondins-nathanael-bai-on-m-a-dit-qu-on-ne-comptait-pas-sur-moi-129738\" target=\"_blank\" rel=\"noopener\">Nathanael Ba\u00ef : \u00ab\u00a0On m&rsquo;a dit qu&rsquo;on ne comptait pas sur moi\u00a0\u00bb<\/a><\/strong><\/p>\n<p>Notre podcast court :<\/p>\n<p>\u00a0<\/p>\n","protected":false},"excerpt":{"rendered":"\u00a9 Iconsport Un d\u00e9fenseur central suppl\u00e9mentaire Les Marine et Blanc se renforcent en d\u00e9fense centrale. Ainsi, Nadjib Ciss\u00e9&hellip;\n","protected":false},"author":2,"featured_media":255082,"comment_status":"","ping_status":"","sticky":false,"template":"","format":"standard","meta":{"footnotes":""},"categories":[2817],"tags":[1111,11,3396,1997,15014,21425,15013,18066,2263,1777,674,1011,27,1987,31938,19696,39526,12,2219,30328,25,6690],"class_list":{"0":"post-255081","1":"post","2":"type-post","3":"status-publish","4":"format-standard","5":"has-post-thumbnail","7":"category-bordeaux","8":"tag-actu","9":"tag-actualites","10":"tag-avec","11":"tag-bordeaux","12":"tag-central","13":"tag-cisse","14":"tag-defenseur","15":"tag-engager","16":"tag-equipe","17":"tag-eu","18":"tag-europe","19":"tag-fr","20":"tag-france","21":"tag-girondins","22":"tag-indique","23":"tag-malien","24":"tag-nadjib","25":"tag-news","26":"tag-nouvelle-aquitaine","27":"tag-recrue","28":"tag-republique-francaise","29":"tag-sera"},"share_on_mastodon":{"url":"https:\/\/pubeurope.com\/@fr\/114871271713605825","error":""},"_links":{"self":[{"href":"https:\/\/www.europesays.com\/fr\/wp-json\/wp\/v2\/posts\/255081","targetHints":{"allow":["GET"]}}],"collection":[{"href":"https:\/\/www.europesays.com\/fr\/wp-json\/wp\/v2\/posts"}],"about":[{"href":"https:\/\/www.europesays.com\/fr\/wp-json\/wp\/v2\/types\/post"}],"author":[{"embeddable":true,"href":"https:\/\/www.europesays.com\/fr\/wp-json\/wp\/v2\/users\/2"}],"replies":[{"embeddable":true,"href":"https:\/\/www.europesays.com\/fr\/wp-json\/wp\/v2\/comments?post=255081"}],"version-history":[{"count":0,"href":"https:\/\/www.europesays.com\/fr\/wp-json\/wp\/v2\/posts\/255081\/revisions"}],"wp:featuredmedia":[{"embeddable":true,"href":"https:\/\/www.europesays.com\/fr\/wp-json\/wp\/v2\/media\/255082"}],"wp:attachment":[{"href":"https:\/\/www.europesays.com\/fr\/wp-json\/wp\/v2\/media?parent=255081"}],"wp:term":[{"taxonomy":"category","embeddable":true,"href":"https:\/\/www.europesays.com\/fr\/wp-json\/wp\/v2\/categories?post=255081"},{"taxonomy":"post_tag","embeddable":true,"href":"https:\/\/www.europesays.com\/fr\/wp-json\/wp\/v2\/tags?post=255081"}],"curies":[{"name":"wp","href":"https:\/\/api.w.org\/{rel}","templated":true}]}}