{"id":255087,"date":"2025-07-17T23:56:10","date_gmt":"2025-07-17T23:56:10","guid":{"rendered":"https:\/\/www.europesays.com\/fr\/255087\/"},"modified":"2025-07-17T23:56:10","modified_gmt":"2025-07-17T23:56:10","slug":"previsions-du-vendredi-18-juillet-2025-5","status":"publish","type":"post","link":"https:\/\/www.europesays.com\/fr\/255087\/","title":{"rendered":"pr\u00e9visions du vendredi 18 juillet 2025"},"content":{"rendered":"<p>Le soleil sera dominant, la promesse d&rsquo;une belle journ\u00e9e \u00e0 Lille ! Les temp\u00e9ratures s&rsquo;\u00e9chelonneront de 17 \u00e0 31\u00b0C. Un vent de sud-est soufflera un peu, avec 5 km\/h. Les temp\u00e9ratures vont conna\u00eetre une augmentation de plusieurs degr\u00e9s pendant l&rsquo;apr\u00e8s-midi. Attention \u00e0 la vague de chaleur. Des valeurs de 29 \u00e0 31\u00b0C sont pr\u00e9vues. Les temp\u00e9ratures s&rsquo;\u00e9chelonneront entre 29\u00b0C et 31\u00b0C. Des pluies \u00e9parses vont tomber au cours de la soir\u00e9e. On anticipe des valeurs d&rsquo;environ 27\u00b0C. Un ciel d\u00e9pourvu de nuages est pr\u00e9vu dans la nuit entre vendredi et samedi.<\/p>\n<p>Les nuages dans le ciel de demain retardent l&rsquo;apparition du soleil \u00e0 Lille. L&rsquo;air ambiant va se r\u00e9chauffer avec une hausse de quelques degr\u00e9s. Les temp\u00e9ratures afficheront entre 20 et 29\u00b0C. Mauvais temps : on annonce des pluies \u00e9parses pour le matin. Une brise de sud-est soufflera l\u00e9g\u00e8rement. Demain apr\u00e8s-midi, le vent va progressivement chasser les nuages. Les temp\u00e9ratures vont grimper de quelques degr\u00e9s. Les maximales atteindront les 29\u00b0C tandis que les minimales seront de 26\u00b0C. Demain soir, un modeste vent d&rsquo;ouest sera ressenti par les habitants.<\/p>\n<p>Le temps sera relativement instable les prochains jours. On s&rsquo;attend \u00e0 une d\u00e9gradation lundi, apr\u00e8s une journ\u00e9e nuageuse dimanche.<\/p>\n<p><\/p>\n","protected":false},"excerpt":{"rendered":"Le soleil sera dominant, la promesse d&rsquo;une belle journ\u00e9e \u00e0 Lille ! Les temp\u00e9ratures s&rsquo;\u00e9chelonneront de 17 \u00e0&hellip;\n","protected":false},"author":2,"featured_media":255088,"comment_status":"","ping_status":"","sticky":false,"template":"","format":"standard","meta":{"footnotes":""},"categories":[2815],"tags":[1111,11,1777,674,1011,27,811,1307,12,1308,1309,2119,25],"class_list":{"0":"post-255087","1":"post","2":"type-post","3":"status-publish","4":"format-standard","5":"has-post-thumbnail","7":"category-lille","8":"tag-actu","9":"tag-actualites","10":"tag-eu","11":"tag-europe","12":"tag-fr","13":"tag-france","14":"tag-hauts-de-france","15":"tag-lille","16":"tag-news","17":"tag-nord","18":"tag-nord-pas-de-calais","19":"tag-previsions-meteo","20":"tag-republique-francaise"},"share_on_mastodon":{"url":"https:\/\/pubeurope.com\/@fr\/114871283492246913","error":""},"_links":{"self":[{"href":"https:\/\/www.europesays.com\/fr\/wp-json\/wp\/v2\/posts\/255087","targetHints":{"allow":["GET"]}}],"collection":[{"href":"https:\/\/www.europesays.com\/fr\/wp-json\/wp\/v2\/posts"}],"about":[{"href":"https:\/\/www.europesays.com\/fr\/wp-json\/wp\/v2\/types\/post"}],"author":[{"embeddable":true,"href":"https:\/\/www.europesays.com\/fr\/wp-json\/wp\/v2\/users\/2"}],"replies":[{"embeddable":true,"href":"https:\/\/www.europesays.com\/fr\/wp-json\/wp\/v2\/comments?post=255087"}],"version-history":[{"count":0,"href":"https:\/\/www.europesays.com\/fr\/wp-json\/wp\/v2\/posts\/255087\/revisions"}],"wp:featuredmedia":[{"embeddable":true,"href":"https:\/\/www.europesays.com\/fr\/wp-json\/wp\/v2\/media\/255088"}],"wp:attachment":[{"href":"https:\/\/www.europesays.com\/fr\/wp-json\/wp\/v2\/media?parent=255087"}],"wp:term":[{"taxonomy":"category","embeddable":true,"href":"https:\/\/www.europesays.com\/fr\/wp-json\/wp\/v2\/categories?post=255087"},{"taxonomy":"post_tag","embeddable":true,"href":"https:\/\/www.europesays.com\/fr\/wp-json\/wp\/v2\/tags?post=255087"}],"curies":[{"name":"wp","href":"https:\/\/api.w.org\/{rel}","templated":true}]}}