{"id":255089,"date":"2025-07-17T23:57:10","date_gmt":"2025-07-17T23:57:10","guid":{"rendered":"https:\/\/www.europesays.com\/fr\/255089\/"},"modified":"2025-07-17T23:57:10","modified_gmt":"2025-07-17T23:57:10","slug":"des-recrues-annoncees-a-lille-et-a-lens","status":"publish","type":"post","link":"https:\/\/www.europesays.com\/fr\/255089\/","title":{"rendered":"Des recrues annonc\u00e9es \u00e0 Lille et \u00e0 Lens"},"content":{"rendered":"<p><strong>Le Losc a officiellement<br \/>\nenregistr\u00e9 une recrue offensive ce jeudi. C\u2019est en d\u00e9fense que le<br \/>\nRC Lens de son c\u00f4t\u00e9 a valid\u00e9 un renfort.<\/strong><\/p>\n<p>C\u2019est officiel, le Losc tient son nouvel attaquant en la<br \/>\npersonne de Felix Correia. L\u2019ancien international Espoirs portugais<br \/>\ns\u2019est engag\u00e9 pour quatre ans en faveur des Dogues ce jeudi.<\/p>\n<blockquote class=\"twitter-tweet\"><p><a class=\"twitter-link\" rel=\"noindex, nofollow noopener\" href=\"https:\/\/twitter.com\/losclive\/status\/1945885639473328186\" target=\"_blank\"><\/p><\/blockquote>\n<p>Ailier gauche capable d\u2019\u00e9voluer aussi sur le flanc droit ou dans<br \/>\nune position plus axiale, cet ancien pari de la Manchester City et<br \/>\nde la Juventus, aujourd\u2019hui \u00e2g\u00e9 de 24 ans, \u00e9voluait depuis deux ans<br \/>\n\u00e0 Gil Vicente, dans l\u2019\u00e9lite lusitanienne. Son transfert est estim\u00e9<br \/>\n\u00e0 7 millions d\u2019euros.<\/p>\n<p>Non loin de l\u00e0, le RC Lens de son c\u00f4t\u00e9 a enregistr\u00e9 ce jour<br \/>\nl\u2019arriv\u00e9e de Samson Baidoo. Espoir du football autrichien, le<br \/>\nd\u00e9fenseur central de 21 ans d\u00e9barque du RB Salzbourg pour un bail<br \/>\nde cinq ann\u00e9es chez les Sang et Or.<\/p>\n<blockquote class=\"twitter-tweet\"><p><a class=\"twitter-link\" rel=\"noindex, nofollow noopener\" href=\"https:\/\/twitter.com\/RCLens\/status\/1945826276767375499\" target=\"_blank\"><\/p><\/blockquote>\n<p>Apr\u00e8s avoir mis\u00e9 3,5 millions (hors bonus) sur le lat\u00e9ral messin<br \/>\nMatthieu Udol, les Art\u00e9siens auraient cette fois consenti \u00e0 un<br \/>\ninvestissement de 8 millions d\u2019euros selon la Voix du Nord.<\/p>\n<p><script async src=\"https:\/\/platform.twitter.com\/widgets.js\" charset=\"utf-8\"><\/script><\/p>\n","protected":false},"excerpt":{"rendered":"Le Losc a officiellement enregistr\u00e9 une recrue offensive ce jeudi. C\u2019est en d\u00e9fense que le RC Lens de&hellip;\n","protected":false},"author":2,"featured_media":255090,"comment_status":"","ping_status":"","sticky":false,"template":"","format":"standard","meta":{"footnotes":""},"categories":[2815],"tags":[1111,11,2113,1777,674,1011,27,811,1307,12,25],"class_list":{"0":"post-255089","1":"post","2":"type-post","3":"status-publish","4":"format-standard","5":"has-post-thumbnail","7":"category-lille","8":"tag-actu","9":"tag-actualites","10":"tag-breve","11":"tag-eu","12":"tag-europe","13":"tag-fr","14":"tag-france","15":"tag-hauts-de-france","16":"tag-lille","17":"tag-news","18":"tag-republique-francaise"},"share_on_mastodon":{"url":"https:\/\/pubeurope.com\/@fr\/114871287342077587","error":""},"_links":{"self":[{"href":"https:\/\/www.europesays.com\/fr\/wp-json\/wp\/v2\/posts\/255089","targetHints":{"allow":["GET"]}}],"collection":[{"href":"https:\/\/www.europesays.com\/fr\/wp-json\/wp\/v2\/posts"}],"about":[{"href":"https:\/\/www.europesays.com\/fr\/wp-json\/wp\/v2\/types\/post"}],"author":[{"embeddable":true,"href":"https:\/\/www.europesays.com\/fr\/wp-json\/wp\/v2\/users\/2"}],"replies":[{"embeddable":true,"href":"https:\/\/www.europesays.com\/fr\/wp-json\/wp\/v2\/comments?post=255089"}],"version-history":[{"count":0,"href":"https:\/\/www.europesays.com\/fr\/wp-json\/wp\/v2\/posts\/255089\/revisions"}],"wp:featuredmedia":[{"embeddable":true,"href":"https:\/\/www.europesays.com\/fr\/wp-json\/wp\/v2\/media\/255090"}],"wp:attachment":[{"href":"https:\/\/www.europesays.com\/fr\/wp-json\/wp\/v2\/media?parent=255089"}],"wp:term":[{"taxonomy":"category","embeddable":true,"href":"https:\/\/www.europesays.com\/fr\/wp-json\/wp\/v2\/categories?post=255089"},{"taxonomy":"post_tag","embeddable":true,"href":"https:\/\/www.europesays.com\/fr\/wp-json\/wp\/v2\/tags?post=255089"}],"curies":[{"name":"wp","href":"https:\/\/api.w.org\/{rel}","templated":true}]}}