{"id":255093,"date":"2025-07-17T23:59:09","date_gmt":"2025-07-17T23:59:09","guid":{"rendered":"https:\/\/www.europesays.com\/fr\/255093\/"},"modified":"2025-07-17T23:59:09","modified_gmt":"2025-07-17T23:59:09","slug":"vers-une-candidature-a-marseille-en-2026","status":"publish","type":"post","link":"https:\/\/www.europesays.com\/fr\/255093\/","title":{"rendered":"vers une candidature \u00e0 Marseille en 2026 ?"},"content":{"rendered":"\n<p>\u00ab On ne s\u2019en cache pas, on veut que Martine Vassal soit notre candidate.\u00a0\u00bb Ce sont les mots introductifs de Sylvain Souvestre, maire (LR) des<br \/>11e et 12e\u00a0arrondissements de Marseille, ce jeudi, \u00e0 l\u2019occasion d\u2019une rencontre entre la ministre (LR) de l\u2019Agriculture et les militants et responsables des\u00a0R\u00e9publicains du d\u00e9partement. C\u2019est \u00e0 cette occasion que Martine Vassal, pr\u00e9sidente (DVD) du D\u00e9partement des Bouches-du-Rh\u00f4ne et de la M\u00e9tropole, est revenue parmi les R\u00e9publicains pour la premi\u00e8re fois depuis sa rupture avec le parti en 2022.<\/p>\n<p>Val\u00e9rie Boyer, s\u00e9natrice (LR) des Bouches-du-Rh\u00f4ne a confirm\u00e9 \u00e9galement son souhait de voir Martine Vassal candidate pour les municipales de 2026. Les applaudissements unanimes dans la salle laissent penser que les militants partagent cette opinion. Pourtant, la concern\u00e9e ne s\u2019est pas avanc\u00e9e, affirmant \u00ab\u00a0que ce n\u2019est pas la priorit\u00e9\u00a0\u00bb, sans pour autant r\u00e9futer toute vell\u00e9it\u00e9 ni affirmer reprendre sa carte au parti, elle a fait sa profession de foi envers Bruno Retailleau, qui \u00ab\u00a0tient bien la barque\u00a0\u00bb d\u2019un parti qui a su \u00ab\u00a0retrouver ses valeurs\u00a0\u00bb.<\/p>\n<p>Une venue qui a presque \u00e9clips\u00e9 celle de la ministre de l\u2019Agriculture et de la souverainet\u00e9 alimentaire, Annie Genevard, pour qui la rencontre a \u00e9t\u00e9 organis\u00e9e. De passage sur le territoire, elle visite ce vendredi l\u2019usine Panzani \u00e0 Marseille, une exploitation de bl\u00e9 \u00e0 Fuveau, la soci\u00e9t\u00e9 du canal de Provence et enfin le projet de modernisation du canal hydrique des Baux. Un programme charg\u00e9 qui n\u2019a pas emp\u00each\u00e9 la ministre d\u2019enfiler sa casquette de responsable du parti Les\u00a0R\u00e9publicains ce jeudi soir \u00e0 Marseille.<\/p>\n<p> Gagner les municipales\n              <\/p>\n<p>Venue en tant que pr\u00e9sidente de la commission nationale d\u2019investiture du parti, Annie Genevard a rappel\u00e9 l\u2019importance de regagner Marseille aux municipales \u00ab\u00a0car [Les R\u00e9publicains] sont attach\u00e9s \u00e0 cette ville\u00a0\u00bb, insiste-t-elle. Elle n\u2019en oublie toutefois pas les logiques \u00e9lectorales. \u00ab\u00a0Gagner les municipales est important car cela permet de choisir les grands \u00e9lecteurs, qui choisissent les s\u00e9nateurs.\u00a0\u00bb Elle a profit\u00e9 de sa tribune pour rappeler que Les\u00a0R\u00e9publicains travaillent au sein du gouvernement pour imposer leurs id\u00e9es. Soulignant que le budget pr\u00e9sent\u00e9 par Bayrou ne va pas assez loin. \u00ab\u00a0Un mot manquait\u00a0: immigration. (&#8230;) On ne peut pas garder l\u2019aide m\u00e9dical d\u2019\u00c9tat (AME) comme elle est\u00a0\u00bb, affirme-t-elle, en reprenant les \u00e9l\u00e9ments de langage du parti. C\u2019est regonfl\u00e9s \u00e0 bloc par la popularit\u00e9 de Bruno Retailleau, et ses positions s\u00e9curitaires et anti-immigration, que les militants et \u00e9lus r\u00e9publicains des Bouches-du-Rh\u00f4ne envisagent le renouveau de leur parti. Et tous esp\u00e8rent reconqu\u00e9rir la mairie de Marseille.<\/p>\n","protected":false},"excerpt":{"rendered":"\u00ab On ne s\u2019en cache pas, on veut que Martine Vassal soit notre candidate.\u00a0\u00bb Ce sont les mots&hellip;\n","protected":false},"author":2,"featured_media":255094,"comment_status":"","ping_status":"","sticky":false,"template":"","format":"standard","meta":{"footnotes":""},"categories":[2814],"tags":[1111,11,1777,674,5605,1011,27,884,12,882,25],"class_list":{"0":"post-255093","1":"post","2":"type-post","3":"status-publish","4":"format-standard","5":"has-post-thumbnail","7":"category-marseille","8":"tag-actu","9":"tag-actualites","10":"tag-eu","11":"tag-europe","12":"tag-eva-janus","13":"tag-fr","14":"tag-france","15":"tag-marseille","16":"tag-news","17":"tag-provence-alpes-cote-dazur","18":"tag-republique-francaise"},"share_on_mastodon":{"url":"https:\/\/pubeurope.com\/@fr\/114871295208311805","error":""},"_links":{"self":[{"href":"https:\/\/www.europesays.com\/fr\/wp-json\/wp\/v2\/posts\/255093","targetHints":{"allow":["GET"]}}],"collection":[{"href":"https:\/\/www.europesays.com\/fr\/wp-json\/wp\/v2\/posts"}],"about":[{"href":"https:\/\/www.europesays.com\/fr\/wp-json\/wp\/v2\/types\/post"}],"author":[{"embeddable":true,"href":"https:\/\/www.europesays.com\/fr\/wp-json\/wp\/v2\/users\/2"}],"replies":[{"embeddable":true,"href":"https:\/\/www.europesays.com\/fr\/wp-json\/wp\/v2\/comments?post=255093"}],"version-history":[{"count":0,"href":"https:\/\/www.europesays.com\/fr\/wp-json\/wp\/v2\/posts\/255093\/revisions"}],"wp:featuredmedia":[{"embeddable":true,"href":"https:\/\/www.europesays.com\/fr\/wp-json\/wp\/v2\/media\/255094"}],"wp:attachment":[{"href":"https:\/\/www.europesays.com\/fr\/wp-json\/wp\/v2\/media?parent=255093"}],"wp:term":[{"taxonomy":"category","embeddable":true,"href":"https:\/\/www.europesays.com\/fr\/wp-json\/wp\/v2\/categories?post=255093"},{"taxonomy":"post_tag","embeddable":true,"href":"https:\/\/www.europesays.com\/fr\/wp-json\/wp\/v2\/tags?post=255093"}],"curies":[{"name":"wp","href":"https:\/\/api.w.org\/{rel}","templated":true}]}}