{"id":255095,"date":"2025-07-18T00:00:10","date_gmt":"2025-07-18T00:00:10","guid":{"rendered":"https:\/\/www.europesays.com\/fr\/255095\/"},"modified":"2025-07-18T00:00:10","modified_gmt":"2025-07-18T00:00:10","slug":"previsions-du-vendredi-18-juillet-2025-6","status":"publish","type":"post","link":"https:\/\/www.europesays.com\/fr\/255095\/","title":{"rendered":"pr\u00e9visions du vendredi 18 juillet 2025"},"content":{"rendered":"<p>Un superbe soleil va briller sur Lyon et ce, tout au long de la journ\u00e9e. Les maximales pourront atteindre 33\u00b0C alors que les minimales seront de 17\u00b0C : c&rsquo;est donc un bel \u00e9t\u00e9. Un vent de nord-est soufflera l\u00e9g\u00e8rement, avec 4 km\/h. D\u00e8s le matin, les valeurs \u00e9volueront entre 19 et 30\u2009\u00b0C. Les temp\u00e9ratures, plus estivales, vont conna\u00eetre une augmentation de plusieurs degr\u00e9s durant l&rsquo;apr\u00e8s-midi. Attention \u00e0 la vague de chaleur. Des temp\u00e9ratures de 31 \u00e0 33\u00b0C sont annonc\u00e9es. Les grosses chaleurs sont pr\u00e9sentes. Avec des valeurs situ\u00e9es entre 27 et 30\u00b0C. Le soir, le mercure affichera 28\u00b0C en moyenne. Entre vendredi et samedi, la nuit sera claire.<\/p>\n<p>Lyon, o\u00f9 des nuages subsisteront demain, continuera d&rsquo;attendre le soleil. Il va pleuvoir. L&rsquo;air ambiant va se r\u00e9chauffer avec une hausse de quelques degr\u00e9s pour un \u00e9t\u00e9 chaud. Les temp\u00e9ratures maximums pr\u00e9vues sont importantes, avec 32\u00b0C. Les valeurs afficheront entre 19 et 32\u00b0C, un temps r\u00e9solument de saison. Un modeste vent de sud sera ressenti par les habitants. Les nuages \u00e0 pr\u00e9voir le matin, et un ciel encore maussade. Le soleil peinera \u00e0 percer au milieu des nuages qui persisteront dans l&rsquo;apr\u00e8s-midi. D&rsquo;un autre c\u00f4t\u00e9, les temp\u00e9ratures vont enregistrer une augmentation de quelques degr\u00e9s. Les touristes comme les locaux pourront sortir sandales et chapeau. De tr\u00e8s fortes chaleurs (entre 24\u00b0C et 32\u00b0C) sont attendues. La chaleur estivale sera bien l\u00e0 puisque les temp\u00e9ratures seront quand m\u00eame de 24\u00b0C au plus bas et de 32\u00b0C au maximum. On annonce des \u00e9claircies pour cette soir\u00e9e. Il va faire 23\u00b0C en moyenne.<\/p>\n<p>Les conditions m\u00e9t\u00e9orologiques des journ\u00e9es qui suivent vont \u00e9voluer peu \u00e0 peu. Apr\u00e8s un temps stable dimanche, la situation changera lundi.<\/p>\n<p><\/p>\n","protected":false},"excerpt":{"rendered":"Un superbe soleil va briller sur Lyon et ce, tout au long de la journ\u00e9e. Les maximales pourront&hellip;\n","protected":false},"author":2,"featured_media":255096,"comment_status":"","ping_status":"","sticky":false,"template":"","format":"standard","meta":{"footnotes":""},"categories":[1889],"tags":[1111,11,2430,1777,674,1011,27,2428,12,2119,25,2429,2431],"class_list":{"0":"post-255095","1":"post","2":"type-post","3":"status-publish","4":"format-standard","5":"has-post-thumbnail","7":"category-lyon","8":"tag-actu","9":"tag-actualites","10":"tag-auvergne-rhone-alpes","11":"tag-eu","12":"tag-europe","13":"tag-fr","14":"tag-france","15":"tag-lyon","16":"tag-news","17":"tag-previsions-meteo","18":"tag-republique-francaise","19":"tag-rhone","20":"tag-rhone-alpes"},"share_on_mastodon":{"url":"https:\/\/pubeurope.com\/@fr\/114871299198722789","error":""},"_links":{"self":[{"href":"https:\/\/www.europesays.com\/fr\/wp-json\/wp\/v2\/posts\/255095","targetHints":{"allow":["GET"]}}],"collection":[{"href":"https:\/\/www.europesays.com\/fr\/wp-json\/wp\/v2\/posts"}],"about":[{"href":"https:\/\/www.europesays.com\/fr\/wp-json\/wp\/v2\/types\/post"}],"author":[{"embeddable":true,"href":"https:\/\/www.europesays.com\/fr\/wp-json\/wp\/v2\/users\/2"}],"replies":[{"embeddable":true,"href":"https:\/\/www.europesays.com\/fr\/wp-json\/wp\/v2\/comments?post=255095"}],"version-history":[{"count":0,"href":"https:\/\/www.europesays.com\/fr\/wp-json\/wp\/v2\/posts\/255095\/revisions"}],"wp:featuredmedia":[{"embeddable":true,"href":"https:\/\/www.europesays.com\/fr\/wp-json\/wp\/v2\/media\/255096"}],"wp:attachment":[{"href":"https:\/\/www.europesays.com\/fr\/wp-json\/wp\/v2\/media?parent=255095"}],"wp:term":[{"taxonomy":"category","embeddable":true,"href":"https:\/\/www.europesays.com\/fr\/wp-json\/wp\/v2\/categories?post=255095"},{"taxonomy":"post_tag","embeddable":true,"href":"https:\/\/www.europesays.com\/fr\/wp-json\/wp\/v2\/tags?post=255095"}],"curies":[{"name":"wp","href":"https:\/\/api.w.org\/{rel}","templated":true}]}}